{"id":994,"date":"2018-08-29T09:36:35","date_gmt":"2018-08-29T07:36:35","guid":{"rendered":"https:\/\/www.plaqueandgo.com\/blog\/?p=994"},"modified":"2021-03-24T18:47:06","modified_gmt":"2021-03-24T17:47:06","slug":"plaquego-direction-la-region-provence-alpes-cote-dazur","status":"publish","type":"post","link":"https:\/\/www.plaqueandgo.com\/blog\/plaquego-direction-la-region-provence-alpes-cote-dazur\/","title":{"rendered":"Personnaliser votre plaque d&rsquo;immatriculation PACA &#8211; Provence-Alpes-C\u00f4te d&rsquo;Azur"},"content":{"rendered":"\n<p>Depuis 2009, vous \u00eates libres de choisir <a href=\"https:\/\/www.plaqueandgo.com\/blog\/logos-officiels-des-regions-pour-vos-plaques-immatriculation\/\" target=\"_blank\" rel=\"noreferrer noopener\">l&rsquo;identifiant territorial<\/a> que vous souhaitez. Il est ind\u00e9pendant de votre lieu d&rsquo;habitation ou d&rsquo;immatriculation du v\u00e9hicule. Ainsi pour personnaliser votre plaque d&rsquo;immatriculation vous pouvez choisir PACA &#8211; Provence-Alpes-C\u00f4te d&rsquo;Azur. <\/p>\n\n\n\n<h2 class=\"wp-block-heading\">Le logo de la r\u00e9gion Provence-Alpes-C\u00f4te d&rsquo;Azur sur votre plaque d&rsquo;immatriculation<\/h2>\n\n\n\n<p>Le logo de la R\u00e9gion Provence-Alpes C\u00f4t\u00e9 d&rsquo;Azur est repr\u00e9sent\u00e9 ici par un blason. Il illustre les diff\u00e9rents signes distinctifs de la r\u00e9gion.<\/p>\n\n\n\n<div class=\"wp-block-image\"><figure class=\"aligncenter size-full\"><img decoding=\"async\" loading=\"lazy\" width=\"400\" height=\"400\" src=\"https:\/\/i0.wp.com\/www.plaqueandgo.com\/blog\/wp-content\/uploads\/2020\/08\/Paca-1.jpg?resize=400%2C400&#038;ssl=1\" alt=\"Logo r\u00e9gion PACA\" class=\"wp-image-5229\" srcset=\"https:\/\/i0.wp.com\/www.plaqueandgo.com\/blog\/wp-content\/uploads\/2020\/08\/Paca-1.jpg?w=400&amp;ssl=1 400w, https:\/\/i0.wp.com\/www.plaqueandgo.com\/blog\/wp-content\/uploads\/2020\/08\/Paca-1.jpg?resize=150%2C150&amp;ssl=1 150w\" sizes=\"(max-width: 400px) 100vw, 400px\" data-recalc-dims=\"1\" \/><\/figure><\/div>\n\n\n\n<h3 class=\"wp-block-heading\">Le blason de la Provence<\/h3>\n\n\n\n<p>Les couleurs de ce blason \u00ab\u00a0rouge et or\u00a0\u00bb remontent au 12\u00e8me si\u00e8cle. Epoque o\u00f9 la Provence portait les armes d&rsquo;Aragon.<\/p>\n\n\n\n<h3 class=\"wp-block-heading\">Le blason du Dauphin\u00e9<\/h3>\n\n\n\n<p>Le dauphin que l&rsquo;on retrouve sur ce blason repr\u00e9sente l&#8217;embl\u00e8me des seigneurs du Dauphin\u00e9 (Albon, Bourgogne, Tour du Pin).<\/p>\n\n\n\n<h3 class=\"wp-block-heading\">Le blason du comt\u00e9 de Nice<\/h3>\n\n\n\n<p>L&rsquo;aigle sur ce blason provient du Saint Empire Romain germanique. Les sommets au dessous de l&rsquo;animal symbolisent les monts Alban, Gros et Chauve.<\/p>\n\n\n\n<p>En r\u00e9unissant les signes du Comt\u00e9 de Nice, du Dauphin\u00e9 ainsi que de la Provence, ce blason repr\u00e9sente la coh\u00e9sion et la solidarit\u00e9 entre diff\u00e9rentes cultures. <\/p>\n\n\n\n<h2 class=\"wp-block-heading\">Quels d\u00e9partements pour sa plaque d&rsquo;immatriculation PACA ?<\/h2>\n\n\n\n<p>Sur les plaques d&rsquo;immatriculation, l&rsquo;identifiant territorial se compose : du logo de la R\u00e9gion et d&rsquo;un num\u00e9ro de d\u00e9partement. Concernant la r\u00e9gion Provence-Alpes-C\u00f4te-d&rsquo;Azur, 6 d\u00e9partements composent la r\u00e9gion : <\/p>\n\n\n\n<ul><li>les Bouches-du-Rh\u00f4ne &#8211; 13 <\/li><li>le Vaucluse &#8211; 84<\/li><li>les Hautes-Alpes &#8211; 05<\/li><li>les Alpes Maritimes &#8211; 06<\/li><li>le Var &#8211; 83<\/li><li>les Alpes de Hautes Provence &#8211; 04<\/li><\/ul>\n\n\n\n<p>Ainsi, vous pouvez choisir l&rsquo;un de ces d\u00e9partements pour personnaliser votre plaque d&rsquo;immatriculation PACA Provence-Alpes-C\u00f4te d&rsquo;Azur. <\/p>\n\n\n\n<div class=\"wp-block-image\"><figure class=\"aligncenter size-full\"><img decoding=\"async\" loading=\"lazy\" width=\"600\" height=\"400\" src=\"https:\/\/i0.wp.com\/www.plaqueandgo.com\/blog\/wp-content\/uploads\/2020\/09\/Departement-PACA.jpg?resize=600%2C400&#038;ssl=1\" alt=\"Les d\u00e9partement de la r\u00e9gion  Provence-Alpes-C\u00f4te d'Azur\" class=\"wp-image-5276\" data-recalc-dims=\"1\"\/><\/figure><\/div>\n\n\n\n<h2 class=\"wp-block-heading\">Pourquoi choisir le logo PACA sur votre plaque d&rsquo;immatriculation ?<\/h2>\n\n\n\n<p>Voici notre petit tour gourmand habituel. Savourez quelques sp\u00e9cialit\u00e9s de la R\u00e9gion Provence Alpes C\u00f4te d&rsquo;Azur avec :<\/p>\n\n\n\n<ul><li>L<strong>a bourride<\/strong> : plat \u00e0 base de poissons et fruits de mer (analogue de la bouillabaisse) pr\u00e9par\u00e9 \u00e0 base d&rsquo;aioli.<\/li><li><strong>Les calissons<\/strong> : une des plus anciennes gourmandises proven\u00e7ales.<\/li><li><strong>La tapenade<\/strong> : recette de la cuisine proven\u00e7ale r\u00e9alis\u00e9e \u00e0 base d&rsquo;olives, de c\u00e2pres et de filets d&rsquo;anchois.<\/li><\/ul>\n\n\n\n<figure class=\"wp-block-gallery columns-3 is-cropped wp-block-gallery-1 is-layout-flex\"><ul class=\"blocks-gallery-grid\"><li class=\"blocks-gallery-item\"><figure><img decoding=\"async\" loading=\"lazy\" width=\"683\" height=\"1025\" src=\"https:\/\/i0.wp.com\/www.plaqueandgo.com\/blog\/wp-content\/uploads\/2018\/08\/Bourride.jpg?resize=683%2C1025&#038;ssl=1\" alt=\"\" data-id=\"1013\" class=\"wp-image-1013\" srcset=\"https:\/\/i0.wp.com\/www.plaqueandgo.com\/blog\/wp-content\/uploads\/2018\/08\/Bourride.jpg?w=683&amp;ssl=1 683w, https:\/\/i0.wp.com\/www.plaqueandgo.com\/blog\/wp-content\/uploads\/2018\/08\/Bourride.jpg?resize=200%2C300&amp;ssl=1 200w, https:\/\/i0.wp.com\/www.plaqueandgo.com\/blog\/wp-content\/uploads\/2018\/08\/Bourride.jpg?resize=682%2C1024&amp;ssl=1 682w, https:\/\/i0.wp.com\/www.plaqueandgo.com\/blog\/wp-content\/uploads\/2018\/08\/Bourride.jpg?resize=453%2C680&amp;ssl=1 453w\" sizes=\"(max-width: 683px) 100vw, 683px\" data-recalc-dims=\"1\" \/><figcaption class=\"blocks-gallery-item__caption\">Bourride<\/figcaption><\/figure><\/li><li class=\"blocks-gallery-item\"><figure><img decoding=\"async\" loading=\"lazy\" width=\"1024\" height=\"683\" src=\"https:\/\/i0.wp.com\/www.plaqueandgo.com\/blog\/wp-content\/uploads\/2018\/08\/Calissons.jpg?resize=1024%2C683&#038;ssl=1\" alt=\"\" data-id=\"1014\" class=\"wp-image-1014\" srcset=\"https:\/\/i0.wp.com\/www.plaqueandgo.com\/blog\/wp-content\/uploads\/2018\/08\/Calissons.jpg?w=1024&amp;ssl=1 1024w, https:\/\/i0.wp.com\/www.plaqueandgo.com\/blog\/wp-content\/uploads\/2018\/08\/Calissons.jpg?resize=300%2C200&amp;ssl=1 300w, https:\/\/i0.wp.com\/www.plaqueandgo.com\/blog\/wp-content\/uploads\/2018\/08\/Calissons.jpg?resize=768%2C512&amp;ssl=1 768w, https:\/\/i0.wp.com\/www.plaqueandgo.com\/blog\/wp-content\/uploads\/2018\/08\/Calissons.jpg?resize=781%2C520&amp;ssl=1 781w, https:\/\/i0.wp.com\/www.plaqueandgo.com\/blog\/wp-content\/uploads\/2018\/08\/Calissons.jpg?resize=680%2C454&amp;ssl=1 680w\" sizes=\"(max-width: 1024px) 100vw, 1024px\" data-recalc-dims=\"1\" \/><figcaption class=\"blocks-gallery-item__caption\">Calissons<\/figcaption><\/figure><\/li><li class=\"blocks-gallery-item\"><figure><img decoding=\"async\" loading=\"lazy\" width=\"917\" height=\"1024\" src=\"https:\/\/i0.wp.com\/www.plaqueandgo.com\/blog\/wp-content\/uploads\/2018\/08\/Tapenade.jpg?resize=917%2C1024&#038;ssl=1\" alt=\"\" data-id=\"1015\" class=\"wp-image-1015\" srcset=\"https:\/\/i0.wp.com\/www.plaqueandgo.com\/blog\/wp-content\/uploads\/2018\/08\/Tapenade.jpg?w=917&amp;ssl=1 917w, https:\/\/i0.wp.com\/www.plaqueandgo.com\/blog\/wp-content\/uploads\/2018\/08\/Tapenade.jpg?resize=269%2C300&amp;ssl=1 269w, https:\/\/i0.wp.com\/www.plaqueandgo.com\/blog\/wp-content\/uploads\/2018\/08\/Tapenade.jpg?resize=768%2C858&amp;ssl=1 768w, https:\/\/i0.wp.com\/www.plaqueandgo.com\/blog\/wp-content\/uploads\/2018\/08\/Tapenade.jpg?resize=609%2C680&amp;ssl=1 609w\" sizes=\"(max-width: 917px) 100vw, 917px\" data-recalc-dims=\"1\" \/><figcaption class=\"blocks-gallery-item__caption\">Tapenade<\/figcaption><\/figure><\/li><\/ul><\/figure>\n\n\n\n<p>La r\u00e9gion PACA regorge de surprise et de petits coins de paradis.<br>Prenez votre auto, votre moto ou votre caravane et sillonnez les routes autour des 6 d\u00e9partements qui composent la R\u00e9gion.<\/p>\n\n\n\n<p>Voici \u00e9galement, quelques id\u00e9es de lieux \u00e0 d\u00e9couvrir si vous d\u00e9cidiez de vadrouiller dans le coin.<\/p>\n\n\n\n<ul><li><strong>Les Gorges du Verdon<\/strong> : site naturel prot\u00e9g\u00e9, le Verdon est consid\u00e9r\u00e9 comme l&rsquo;un des plus beau canyon d&rsquo;Europe.<\/li><li><strong>Parc National des Calanques \u00e0 Cassis<\/strong> : d\u00e9couvrez les calanques de Cassis \u00e0 pied ou en bateau. Pour tous renseignements, vous pouvez vous rendre sur le <a href=\"https:\/\/www.calanquesdecassis.com\/\" target=\"_blank\" rel=\"noreferrer noopener\">site des calanques<\/a>.<\/li><li><strong>Rustrel : le colorado proven\u00e7al<\/strong> : se trouvant entre les monts de Vaucluse et la montagne du Lub\u00e9ron, ce lieu surprenant aux couleurs de la terre ne va pas vous laisser indiff\u00e9rent.<\/li><\/ul>\n\n\n\n<p><a href=\"https:\/\/www.plaqueandgo.com\/\" target=\"_blank\" rel=\"noreferrer noopener\">Configurez votre plaque d&rsquo;immatriculation PACA<\/a> sur notre shop plaqueandgo.com<\/p>\n","protected":false},"excerpt":{"rendered":"<p>Depuis 2009, vous \u00eates libres de choisir l&rsquo;identifiant territorial que vous souhaitez. Il est ind\u00e9pendant de votre lieu d&rsquo;habitation ou d&rsquo;immatriculation du v\u00e9hicule. Ainsi pour personnaliser votre plaque d&rsquo;immatriculation vous pouvez<\/p>\n\t\t<div class=\"more-link-holder\">\n\t\t\t<a class=\"more-link ghost-button-link\" href=\"https:\/\/www.plaqueandgo.com\/blog\/plaquego-direction-la-region-provence-alpes-cote-dazur\/\">Lire la suite<\/a>\n\t\t<\/div>","protected":false},"author":1,"featured_media":5204,"comment_status":"open","ping_status":"closed","sticky":false,"template":"","format":"standard","meta":{"_lmt_disableupdate":"no","_lmt_disable":"no","jetpack_publicize_message":"","jetpack_is_tweetstorm":false,"jetpack_publicize_feature_enabled":true,"jetpack_social_post_already_shared":false,"jetpack_social_options":{"image_generator_settings":{"template":"highway","enabled":false}}},"categories":[3],"tags":[],"jetpack_publicize_connections":[],"yoast_head":"<!-- This site is optimized with the Yoast SEO plugin v21.7 - https:\/\/yoast.com\/wordpress\/plugins\/seo\/ -->\n<title>Personnaliser votre Plaque d&#039;Immatriculation PACA | Blog Plaque&amp;Go<\/title>\n<meta name=\"description\" content=\"Pourquoi personnaliser vote plaque d&#039;immatriculation avec le logo de la r\u00e9gion PACA ? Suivez le guide Plaque&amp;Go\" \/>\n<meta name=\"robots\" content=\"index, follow, max-snippet:-1, max-image-preview:large, max-video-preview:-1\" \/>\n<link rel=\"canonical\" href=\"https:\/\/www.plaqueandgo.com\/blog\/plaquego-direction-la-region-provence-alpes-cote-dazur\/\" \/>\n<meta property=\"og:locale\" content=\"fr_FR\" \/>\n<meta property=\"og:type\" content=\"article\" \/>\n<meta property=\"og:title\" content=\"Plaque&amp;Go : direction la R\u00e9gion Provence Alpes C\u00f4tes d&#039;Azur\" \/>\n<meta property=\"og:description\" content=\"Avec Plaque&amp;Go, allons faire un tour du c\u00f4t\u00e9 de la R\u00e9gion PACA\" \/>\n<meta property=\"og:url\" content=\"https:\/\/www.plaqueandgo.com\/blog\/plaquego-direction-la-region-provence-alpes-cote-dazur\/\" \/>\n<meta property=\"og:site_name\" content=\"Blog Plaque&amp;Go | Actualit\u00e9s de la plaque d&#039;immatriculation\" \/>\n<meta property=\"article:publisher\" content=\"https:\/\/www.facebook.com\/PlaqueandGoofficial\/\" \/>\n<meta property=\"article:published_time\" content=\"2018-08-29T07:36:35+00:00\" \/>\n<meta property=\"article:modified_time\" content=\"2021-03-24T17:47:06+00:00\" \/>\n<meta property=\"og:image\" content=\"https:\/\/i2.wp.com\/www.plaqueandgo.com\/blog\/wp-content\/uploads\/2018\/08\/Image-facebook.png?fit=1200%2C630&ssl=1\" \/>\n\t<meta property=\"og:image:width\" content=\"1200\" \/>\n\t<meta property=\"og:image:height\" content=\"630\" \/>\n\t<meta property=\"og:image:type\" content=\"image\/png\" \/>\n<meta name=\"author\" content=\"contact@plaqueandgo.com\" \/>\n<meta name=\"twitter:card\" content=\"summary_large_image\" \/>\n<meta name=\"twitter:title\" content=\"Plaque&amp;Go : direction la R\u00e9gion Provence Alpes C\u00f4tes d&#039;Azur\" \/>\n<meta name=\"twitter:description\" content=\"Avec Plaque&amp;Go, allons faire un tour du c\u00f4t\u00e9 de la R\u00e9gion PACA\" \/>\n<meta name=\"twitter:image\" content=\"https:\/\/i0.wp.com\/www.plaqueandgo.com\/blog\/wp-content\/uploads\/2018\/08\/Image-Twitter-1.png?fit=1024%2C512&ssl=1\" \/>\n<meta name=\"twitter:creator\" content=\"@PlaqueandGo\" \/>\n<meta name=\"twitter:site\" content=\"@PlaqueandGo\" \/>\n<meta name=\"twitter:label1\" content=\"\u00c9crit par\" \/>\n\t<meta name=\"twitter:data1\" content=\"contact@plaqueandgo.com\" \/>\n\t<meta name=\"twitter:label2\" content=\"Dur\u00e9e de lecture estim\u00e9e\" \/>\n\t<meta name=\"twitter:data2\" content=\"3 minutes\" \/>\n<script type=\"application\/ld+json\" class=\"yoast-schema-graph\">{\"@context\":\"https:\/\/schema.org\",\"@graph\":[{\"@type\":\"Article\",\"@id\":\"https:\/\/www.plaqueandgo.com\/blog\/plaquego-direction-la-region-provence-alpes-cote-dazur\/#article\",\"isPartOf\":{\"@id\":\"https:\/\/www.plaqueandgo.com\/blog\/plaquego-direction-la-region-provence-alpes-cote-dazur\/\"},\"author\":{\"name\":\"contact@plaqueandgo.com\",\"@id\":\"https:\/\/www.plaqueandgo.com\/blog\/#\/schema\/person\/8f660191d6588947cd34d88ebca4b04b\"},\"headline\":\"Personnaliser votre plaque d&rsquo;immatriculation PACA &#8211; Provence-Alpes-C\u00f4te d&rsquo;Azur\",\"datePublished\":\"2018-08-29T07:36:35+00:00\",\"dateModified\":\"2021-03-24T17:47:06+00:00\",\"mainEntityOfPage\":{\"@id\":\"https:\/\/www.plaqueandgo.com\/blog\/plaquego-direction-la-region-provence-alpes-cote-dazur\/\"},\"wordCount\":502,\"commentCount\":0,\"publisher\":{\"@id\":\"https:\/\/www.plaqueandgo.com\/blog\/#organization\"},\"articleSection\":[\"Voyages\"],\"inLanguage\":\"fr-FR\",\"potentialAction\":[{\"@type\":\"CommentAction\",\"name\":\"Comment\",\"target\":[\"https:\/\/www.plaqueandgo.com\/blog\/plaquego-direction-la-region-provence-alpes-cote-dazur\/#respond\"]}]},{\"@type\":\"WebPage\",\"@id\":\"https:\/\/www.plaqueandgo.com\/blog\/plaquego-direction-la-region-provence-alpes-cote-dazur\/\",\"url\":\"https:\/\/www.plaqueandgo.com\/blog\/plaquego-direction-la-region-provence-alpes-cote-dazur\/\",\"name\":\"Personnaliser votre Plaque d'Immatriculation PACA | Blog Plaque&Go\",\"isPartOf\":{\"@id\":\"https:\/\/www.plaqueandgo.com\/blog\/#website\"},\"datePublished\":\"2018-08-29T07:36:35+00:00\",\"dateModified\":\"2021-03-24T17:47:06+00:00\",\"description\":\"Pourquoi personnaliser vote plaque d'immatriculation avec le logo de la r\u00e9gion PACA ? Suivez le guide Plaque&Go\",\"breadcrumb\":{\"@id\":\"https:\/\/www.plaqueandgo.com\/blog\/plaquego-direction-la-region-provence-alpes-cote-dazur\/#breadcrumb\"},\"inLanguage\":\"fr-FR\",\"potentialAction\":[{\"@type\":\"ReadAction\",\"target\":[\"https:\/\/www.plaqueandgo.com\/blog\/plaquego-direction-la-region-provence-alpes-cote-dazur\/\"]}]},{\"@type\":\"BreadcrumbList\",\"@id\":\"https:\/\/www.plaqueandgo.com\/blog\/plaquego-direction-la-region-provence-alpes-cote-dazur\/#breadcrumb\",\"itemListElement\":[{\"@type\":\"ListItem\",\"position\":1,\"name\":\"Actualit\u00e9 Plaque&amp;Go\",\"item\":\"https:\/\/www.plaqueandgo.com\/blog\/\"},{\"@type\":\"ListItem\",\"position\":2,\"name\":\"Personnaliser votre plaque d&rsquo;immatriculation PACA &#8211; Provence-Alpes-C\u00f4te d&rsquo;Azur\"}]},{\"@type\":\"WebSite\",\"@id\":\"https:\/\/www.plaqueandgo.com\/blog\/#website\",\"url\":\"https:\/\/www.plaqueandgo.com\/blog\/\",\"name\":\"Blog Plaque&amp;Go | Actualit\u00e9s de la plaque d&#039;immatriculation\",\"description\":\"La plaque d&#039;immatriculation qui vous fait voyager\",\"publisher\":{\"@id\":\"https:\/\/www.plaqueandgo.com\/blog\/#organization\"},\"potentialAction\":[{\"@type\":\"SearchAction\",\"target\":{\"@type\":\"EntryPoint\",\"urlTemplate\":\"https:\/\/www.plaqueandgo.com\/blog\/?s={search_term_string}\"},\"query-input\":\"required name=search_term_string\"}],\"inLanguage\":\"fr-FR\"},{\"@type\":\"Organization\",\"@id\":\"https:\/\/www.plaqueandgo.com\/blog\/#organization\",\"name\":\"Plaque&Go\",\"url\":\"https:\/\/www.plaqueandgo.com\/blog\/\",\"logo\":{\"@type\":\"ImageObject\",\"inLanguage\":\"fr-FR\",\"@id\":\"https:\/\/www.plaqueandgo.com\/blog\/#\/schema\/logo\/image\/\",\"url\":\"https:\/\/www.plaqueandgo.com\/blog\/wp-content\/uploads\/2018\/05\/logo-plaque-and-go-mobile.svg\",\"contentUrl\":\"https:\/\/www.plaqueandgo.com\/blog\/wp-content\/uploads\/2018\/05\/logo-plaque-and-go-mobile.svg\",\"width\":406.061,\"height\":197.849,\"caption\":\"Plaque&Go\"},\"image\":{\"@id\":\"https:\/\/www.plaqueandgo.com\/blog\/#\/schema\/logo\/image\/\"},\"sameAs\":[\"https:\/\/www.facebook.com\/PlaqueandGoofficial\/\",\"https:\/\/twitter.com\/PlaqueandGo\",\"https:\/\/www.instagram.com\/plaqueandgo\/\",\"https:\/\/www.pinterest.fr\/PlaqueandGo\/\"]},{\"@type\":\"Person\",\"@id\":\"https:\/\/www.plaqueandgo.com\/blog\/#\/schema\/person\/8f660191d6588947cd34d88ebca4b04b\",\"name\":\"contact@plaqueandgo.com\",\"image\":{\"@type\":\"ImageObject\",\"inLanguage\":\"fr-FR\",\"@id\":\"https:\/\/www.plaqueandgo.com\/blog\/#\/schema\/person\/image\/\",\"url\":\"https:\/\/secure.gravatar.com\/avatar\/16406858407f02e00d0bc01de8d32f71?s=96&d=mm&r=g\",\"contentUrl\":\"https:\/\/secure.gravatar.com\/avatar\/16406858407f02e00d0bc01de8d32f71?s=96&d=mm&r=g\",\"caption\":\"contact@plaqueandgo.com\"},\"url\":\"https:\/\/www.plaqueandgo.com\/blog\/author\/admindedi-agency-com\/\"}]}<\/script>\n<!-- \/ Yoast SEO plugin. -->","yoast_head_json":{"title":"Personnaliser votre Plaque d'Immatriculation PACA | Blog Plaque&Go","description":"Pourquoi personnaliser vote plaque d'immatriculation avec le logo de la r\u00e9gion PACA ? Suivez le guide Plaque&Go","robots":{"index":"index","follow":"follow","max-snippet":"max-snippet:-1","max-image-preview":"max-image-preview:large","max-video-preview":"max-video-preview:-1"},"canonical":"https:\/\/www.plaqueandgo.com\/blog\/plaquego-direction-la-region-provence-alpes-cote-dazur\/","og_locale":"fr_FR","og_type":"article","og_title":"Plaque&Go : direction la R\u00e9gion Provence Alpes C\u00f4tes d'Azur","og_description":"Avec Plaque&Go, allons faire un tour du c\u00f4t\u00e9 de la R\u00e9gion PACA","og_url":"https:\/\/www.plaqueandgo.com\/blog\/plaquego-direction-la-region-provence-alpes-cote-dazur\/","og_site_name":"Blog Plaque&amp;Go | Actualit\u00e9s de la plaque d&#039;immatriculation","article_publisher":"https:\/\/www.facebook.com\/PlaqueandGoofficial\/","article_published_time":"2018-08-29T07:36:35+00:00","article_modified_time":"2021-03-24T17:47:06+00:00","og_image":[{"width":1200,"height":630,"url":"https:\/\/i2.wp.com\/www.plaqueandgo.com\/blog\/wp-content\/uploads\/2018\/08\/Image-facebook.png?fit=1200%2C630&ssl=1","type":"image\/png"}],"author":"contact@plaqueandgo.com","twitter_card":"summary_large_image","twitter_title":"Plaque&Go : direction la R\u00e9gion Provence Alpes C\u00f4tes d'Azur","twitter_description":"Avec Plaque&Go, allons faire un tour du c\u00f4t\u00e9 de la R\u00e9gion PACA","twitter_image":"https:\/\/i0.wp.com\/www.plaqueandgo.com\/blog\/wp-content\/uploads\/2018\/08\/Image-Twitter-1.png?fit=1024%2C512&ssl=1","twitter_creator":"@PlaqueandGo","twitter_site":"@PlaqueandGo","twitter_misc":{"\u00c9crit par":"contact@plaqueandgo.com","Dur\u00e9e de lecture estim\u00e9e":"3 minutes"},"schema":{"@context":"https:\/\/schema.org","@graph":[{"@type":"Article","@id":"https:\/\/www.plaqueandgo.com\/blog\/plaquego-direction-la-region-provence-alpes-cote-dazur\/#article","isPartOf":{"@id":"https:\/\/www.plaqueandgo.com\/blog\/plaquego-direction-la-region-provence-alpes-cote-dazur\/"},"author":{"name":"contact@plaqueandgo.com","@id":"https:\/\/www.plaqueandgo.com\/blog\/#\/schema\/person\/8f660191d6588947cd34d88ebca4b04b"},"headline":"Personnaliser votre plaque d&rsquo;immatriculation PACA &#8211; Provence-Alpes-C\u00f4te d&rsquo;Azur","datePublished":"2018-08-29T07:36:35+00:00","dateModified":"2021-03-24T17:47:06+00:00","mainEntityOfPage":{"@id":"https:\/\/www.plaqueandgo.com\/blog\/plaquego-direction-la-region-provence-alpes-cote-dazur\/"},"wordCount":502,"commentCount":0,"publisher":{"@id":"https:\/\/www.plaqueandgo.com\/blog\/#organization"},"articleSection":["Voyages"],"inLanguage":"fr-FR","potentialAction":[{"@type":"CommentAction","name":"Comment","target":["https:\/\/www.plaqueandgo.com\/blog\/plaquego-direction-la-region-provence-alpes-cote-dazur\/#respond"]}]},{"@type":"WebPage","@id":"https:\/\/www.plaqueandgo.com\/blog\/plaquego-direction-la-region-provence-alpes-cote-dazur\/","url":"https:\/\/www.plaqueandgo.com\/blog\/plaquego-direction-la-region-provence-alpes-cote-dazur\/","name":"Personnaliser votre Plaque d'Immatriculation PACA | Blog Plaque&Go","isPartOf":{"@id":"https:\/\/www.plaqueandgo.com\/blog\/#website"},"datePublished":"2018-08-29T07:36:35+00:00","dateModified":"2021-03-24T17:47:06+00:00","description":"Pourquoi personnaliser vote plaque d'immatriculation avec le logo de la r\u00e9gion PACA ? Suivez le guide Plaque&Go","breadcrumb":{"@id":"https:\/\/www.plaqueandgo.com\/blog\/plaquego-direction-la-region-provence-alpes-cote-dazur\/#breadcrumb"},"inLanguage":"fr-FR","potentialAction":[{"@type":"ReadAction","target":["https:\/\/www.plaqueandgo.com\/blog\/plaquego-direction-la-region-provence-alpes-cote-dazur\/"]}]},{"@type":"BreadcrumbList","@id":"https:\/\/www.plaqueandgo.com\/blog\/plaquego-direction-la-region-provence-alpes-cote-dazur\/#breadcrumb","itemListElement":[{"@type":"ListItem","position":1,"name":"Actualit\u00e9 Plaque&amp;Go","item":"https:\/\/www.plaqueandgo.com\/blog\/"},{"@type":"ListItem","position":2,"name":"Personnaliser votre plaque d&rsquo;immatriculation PACA &#8211; Provence-Alpes-C\u00f4te d&rsquo;Azur"}]},{"@type":"WebSite","@id":"https:\/\/www.plaqueandgo.com\/blog\/#website","url":"https:\/\/www.plaqueandgo.com\/blog\/","name":"Blog Plaque&amp;Go | Actualit\u00e9s de la plaque d&#039;immatriculation","description":"La plaque d&#039;immatriculation qui vous fait voyager","publisher":{"@id":"https:\/\/www.plaqueandgo.com\/blog\/#organization"},"potentialAction":[{"@type":"SearchAction","target":{"@type":"EntryPoint","urlTemplate":"https:\/\/www.plaqueandgo.com\/blog\/?s={search_term_string}"},"query-input":"required name=search_term_string"}],"inLanguage":"fr-FR"},{"@type":"Organization","@id":"https:\/\/www.plaqueandgo.com\/blog\/#organization","name":"Plaque&Go","url":"https:\/\/www.plaqueandgo.com\/blog\/","logo":{"@type":"ImageObject","inLanguage":"fr-FR","@id":"https:\/\/www.plaqueandgo.com\/blog\/#\/schema\/logo\/image\/","url":"https:\/\/www.plaqueandgo.com\/blog\/wp-content\/uploads\/2018\/05\/logo-plaque-and-go-mobile.svg","contentUrl":"https:\/\/www.plaqueandgo.com\/blog\/wp-content\/uploads\/2018\/05\/logo-plaque-and-go-mobile.svg","width":406.061,"height":197.849,"caption":"Plaque&Go"},"image":{"@id":"https:\/\/www.plaqueandgo.com\/blog\/#\/schema\/logo\/image\/"},"sameAs":["https:\/\/www.facebook.com\/PlaqueandGoofficial\/","https:\/\/twitter.com\/PlaqueandGo","https:\/\/www.instagram.com\/plaqueandgo\/","https:\/\/www.pinterest.fr\/PlaqueandGo\/"]},{"@type":"Person","@id":"https:\/\/www.plaqueandgo.com\/blog\/#\/schema\/person\/8f660191d6588947cd34d88ebca4b04b","name":"contact@plaqueandgo.com","image":{"@type":"ImageObject","inLanguage":"fr-FR","@id":"https:\/\/www.plaqueandgo.com\/blog\/#\/schema\/person\/image\/","url":"https:\/\/secure.gravatar.com\/avatar\/16406858407f02e00d0bc01de8d32f71?s=96&d=mm&r=g","contentUrl":"https:\/\/secure.gravatar.com\/avatar\/16406858407f02e00d0bc01de8d32f71?s=96&d=mm&r=g","caption":"contact@plaqueandgo.com"},"url":"https:\/\/www.plaqueandgo.com\/blog\/author\/admindedi-agency-com\/"}]}},"modified_by":"contact@plaqueandgo.com","jetpack_featured_media_url":"https:\/\/i0.wp.com\/www.plaqueandgo.com\/blog\/wp-content\/uploads\/2018\/08\/Visu-PACA-e1600785792100.jpg?fit=1080%2C608&ssl=1","jetpack_sharing_enabled":true,"jetpack_likes_enabled":false,"_links":{"self":[{"href":"https:\/\/www.plaqueandgo.com\/blog\/wp-json\/wp\/v2\/posts\/994"}],"collection":[{"href":"https:\/\/www.plaqueandgo.com\/blog\/wp-json\/wp\/v2\/posts"}],"about":[{"href":"https:\/\/www.plaqueandgo.com\/blog\/wp-json\/wp\/v2\/types\/post"}],"author":[{"embeddable":true,"href":"https:\/\/www.plaqueandgo.com\/blog\/wp-json\/wp\/v2\/users\/1"}],"replies":[{"embeddable":true,"href":"https:\/\/www.plaqueandgo.com\/blog\/wp-json\/wp\/v2\/comments?post=994"}],"version-history":[{"count":47,"href":"https:\/\/www.plaqueandgo.com\/blog\/wp-json\/wp\/v2\/posts\/994\/revisions"}],"predecessor-version":[{"id":6057,"href":"https:\/\/www.plaqueandgo.com\/blog\/wp-json\/wp\/v2\/posts\/994\/revisions\/6057"}],"wp:featuredmedia":[{"embeddable":true,"href":"https:\/\/www.plaqueandgo.com\/blog\/wp-json\/wp\/v2\/media\/5204"}],"wp:attachment":[{"href":"https:\/\/www.plaqueandgo.com\/blog\/wp-json\/wp\/v2\/media?parent=994"}],"wp:term":[{"taxonomy":"category","embeddable":true,"href":"https:\/\/www.plaqueandgo.com\/blog\/wp-json\/wp\/v2\/categories?post=994"},{"taxonomy":"post_tag","embeddable":true,"href":"https:\/\/www.plaqueandgo.com\/blog\/wp-json\/wp\/v2\/tags?post=994"}],"curies":[{"name":"wp","href":"https:\/\/api.w.org\/{rel}","templated":true}]}}