{"id":7503,"date":"2026-04-16T15:15:00","date_gmt":"2026-04-16T13:15:00","guid":{"rendered":"https:\/\/www.plaqueandgo.com\/blog\/?p=7503"},"modified":"2026-04-30T10:31:27","modified_gmt":"2026-04-30T08:31:27","slug":"expansion-vehicules-electriques","status":"publish","type":"post","link":"https:\/\/www.plaqueandgo.com\/blog\/expansion-vehicules-electriques\/","title":{"rendered":"2026 : L&rsquo;Ann\u00e9e de la Maturit\u00e9 pour la Mobilit\u00e9 \u00c9lectrique en France\u00a0?"},"content":{"rendered":"\n<p>Nous y sommes. En ce printemps 2026, les v\u00e9hicules \u00e9lectriques ne sont plus un pari technologique ou un sujet r\u00e9serv\u00e9 aux sp\u00e9cialistes. Elle s\u2019installe durablement dans le paysage automobile fran\u00e7ais.<\/p>\n\n\n\n<p>Apr\u00e8s une ann\u00e9e 2025 marqu\u00e9e par un ralentissement du march\u00e9, les premiers mois de 2026 confirment une reprise nette des immatriculations \u00e9lectriques.<\/p>\n\n\n\n<h3 class=\"wp-block-heading\"><strong>Un progression des v\u00e9hicules \u00e9lectriques solide confirm\u00e9e par les chiffres<\/strong><\/h3>\n\n\n\n<p>Selon les donn\u00e9es publi\u00e9es par la <a href=\"https:\/\/pfa-auto.fr\/\">Plateforme Automobile<\/a> (PFA) et le <a href=\"https:\/\/www.statistiques.developpement-durable.gouv.fr\/\">SDES<\/a> (Minist\u00e8re de la Transition \u00e9cologique), les v\u00e9hicules 100 % \u00e9lectriques repr\u00e9sentent entre 27 et 29 % des immatriculations de voitures particuli\u00e8res neuves sur les premiers mois de 2026, avec un pic observ\u00e9 en mars.<\/p>\n\n\n\n<p>Cette progression contraste avec un march\u00e9 automobile global toujours fragile. Celle ci confirme que l\u2019\u00e9lectrique gagne des parts au\u2011del\u00e0 d\u2019un simple effet de substitution. Pour la premi\u00e8re fois, on peut se demander se poser la question. L&rsquo;\u00e9lectrique progresse gr\u00e2ce aux aides publiques (leasing social pour les particuliers et fiscalit\u00e9 pour les entreprises), ou s\u2019il s&rsquo;impose comme le premier choix rationnel des Fran\u00e7ais face \u00e0 l&rsquo;incertitude \u00e9nerg\u00e9tique.<\/p>\n\n\n\n<h3 class=\"wp-block-heading\"><strong>Pourquoi les v\u00e9hicules \u00e9lectriques s&rsquo;impose-t-il enfin en 2026 ?<\/strong><\/h3>\n\n\n\n<ol type=\"1\">\n<li><strong>La riposte des constructeurs&nbsp;: une offre plus large et plus accessible<\/strong><\/li>\n<\/ol>\n\n\n\n<p>Les constructeurs ont consid\u00e9rablement \u00e9toff\u00e9 leurs gammes : citadines, compactes, utilitaires, SUV\u2026<\/p>\n\n\n\n<p>La diversification des mod\u00e8les et la mont\u00e9e en puissance des ventes de v\u00e9hicules \u00e9quip\u00e9s de batteries LFP contribuent \u00e0 une meilleure ma\u00eetrise des co\u00fbts industriels, rendant les v\u00e9hicules \u00e9lectriques plus comp\u00e9titifs \u00e0 l\u2019achat.<\/p>\n\n\n\n<ul>\n<li><strong>La pression fiscale sur les thermiques<\/strong><\/li>\n<\/ul>\n\n\n\n<p>Le cadre l\u00e9gislatif ne laisse plus de place \u00e0 l&rsquo;h\u00e9sitation. Le malus \u00e9cologique 2026 s&rsquo;est durci, se d\u00e9clenchant d\u00e9sormais d\u00e8s <strong>108 g de CO2\/km<\/strong> (contre 113 g en 2025). Parall\u00e8lement, le malus au poids (taxe sur la masse en ordre de marche) s&rsquo;applique d\u00e8s <strong>1 500 kg<\/strong>. Les v\u00e9hicules 100 % \u00e9lectriques restent toutefois <strong>largement exon\u00e9r\u00e9s<\/strong> de ces p\u00e9nalit\u00e9s. Gr\u00e2ce aux abattements r\u00e9glementaires pr\u00e9vus par la l\u00e9gislation fran\u00e7aise ceux la sont toujours moins chers que les thermiques.<\/p>\n\n\n\n<ul>\n<li><strong>La situation g\u00e9opolitique au Moyen-Orient, facteur d\u00e9clencheur&nbsp;?<\/strong><\/li>\n<\/ul>\n\n\n\n<p>\u00c0 la suite des \u00e9v\u00e8nements li\u00e9s au conflit au Moyen-Orient. En France, le \u00ab\u00a0seuil psychologique\u00a0\u00bb des 2 euros le\u00a0litre a \u00e9t\u00e9 d\u00e9pass\u00e9. Le gazole s\u2019affiche d\u00e9sormais en moyenne \u00e0 <strong>2,33 \u20ac\/L<\/strong> et le sans-plomb 95 d\u00e9passe les <strong>2,00 \u20ac\/L<\/strong>. Une hausse qui n\u2019est pas pass\u00e9e inaper\u00e7ue et qui commence \u00e0 peser lourd dans le budget automobile des Fran\u00e7ais. R\u00e9sultat : les habitudes \u00e9voluent.<\/p>\n\n\n\n<p>Une \u00e9tude men\u00e9e par La Centrale r\u00e9v\u00e8le que les recherches en ligne pour les v\u00e9hicules \u00e9lectriques ont bondi de <strong>91 %<\/strong> en quelques semaines. Chez certains distributeurs comme Aramisauto, la part des ventes \u00e9lectriques a quasiment doubl\u00e9 en un mois.<\/p>\n\n\n\n<h3 class=\"wp-block-heading\"><strong>Aides et Budget : Les v\u00e9hicules \u00e9lectriques, bouclier contre l\u2019inflation<\/strong><\/h3>\n\n\n\n<p>Dans ce contexte de crise, le soutien de l\u2019\u00c9tat reste un moteur de pouvoir d\u2019achat. Le \u00ab\u00a0coup de pouce v\u00e9hicules particuliers \u00e9lectriques\u00a0\u00bb (ex-bonus \u00e9cologique) peut atteindre jusqu\u2019\u00e0 <strong>5 700 \u20ac<\/strong> pour les m\u00e9nages les plus modestes, \u00e0 condition de choisir un mod\u00e8le produit en Europe avec un \u00e9co-score valid\u00e9.<\/p>\n\n\n\n<h3 class=\"wp-block-heading\">Un avantage \u00e9conomique \u00e0 l\u2019usage v\u00e9hicules \u00e9lectriques<\/h3>\n\n\n\n<p>\u00c0 l\u2019usage, l\u2019\u00e9cart de co\u00fbt est devenu un gouffre. Malgr\u00e9 une l\u00e9g\u00e8re hausse des tarifs de l&rsquo;\u00e9nergie, le prix du kWh au tarif r\u00e9glement\u00e9 en avril 2026 reste stable par rapport \u00e0 la volatilit\u00e9 du p\u00e9trole: <strong>0,1940 \u20ac<\/strong> en option base (et seulement <strong>0,1579 \u20ac<\/strong> en heures creuses) en avril. Concr\u00e8tement, un v\u00e9hicule \u00e9lectrique consommant environ <strong>15 \u00e0 17 kWh \/ 100 km<\/strong> repr\u00e9sente un co\u00fbt d\u2019\u00e9nergie <strong>autour de 2,80 \u00e0 3,30 \u20ac pour 100 km<\/strong>, contre <strong>plus de 10 \u20ac pour un v\u00e9hicule essence<\/strong> aux prix actuels des carburants.<\/p>\n\n\n\n<h3 class=\"wp-block-heading\"><strong>Immatriculation et d\u00e9marches : Ce qu\u2019il faut savoir en 2026<\/strong><\/h3>\n\n\n\n<p>L\u2019immatriculation d\u2019un v\u00e9hicule \u00e9lectrique comporte des sp\u00e9cificit\u00e9s administratives et esth\u00e9tiques qu&rsquo;il est crucial d&rsquo;anticiper pour circuler en toute l\u00e9galit\u00e9.<\/p>\n\n\n\n<p><strong>Carte grise : une fiscalit\u00e9 encore avantageuse<\/strong><\/p>\n\n\n\n<p>La gratuit\u00e9 nationale syst\u00e9matique n&rsquo;est plus qu&rsquo;un souvenir. Depuis le tournant du 1er mai 2025, la majorit\u00e9 des conseils r\u00e9gionaux ont r\u00e9tabli une taxe sur les v\u00e9hicules dits \u00ab\u00a0propres\u00a0\u00bb. En 2026, des r\u00e9gions comme la Bretagne ou la Normandie ont align\u00e9 leurs tarifs, avec un cheval fiscal pouvant atteindre <strong>60 \u20ac \u00e0 70 \u20ac<\/strong>.<\/p>\n\n\n\n<p>Toutefois, la puissance fiscale des v\u00e9hicules \u00e9lectriques reste g\u00e9n\u00e9ralement plus faible qu\u2019un \u00e9quivalent thermique, limitant la d\u00e9pense finale&nbsp;:<\/p>\n\n\n\n<h3 class=\"wp-block-heading\"><strong>Identification et Signal\u00e9tique : Halte aux id\u00e9es re\u00e7ues<\/strong><\/h3>\n\n\n\n<ul>\n<li>\u00ab&nbsp;<strong>Dois-je installer une plaque verte ?&nbsp;\u00bb<\/strong>&nbsp;: Non, <strong>La plaque verte \u00e0 caract\u00e8res orange <\/strong>reste strictement r\u00e9serv\u00e9e au <strong>corps diplomatique et consulaire<\/strong>.<\/li>\n<\/ul>\n\n\n\n<ul>\n<li><strong>\u00ab&nbsp;La vignette Crit\u2019Air est-elle obligatoire&nbsp;?&nbsp;\u00bb&nbsp;: <\/strong>Oui, c\u2019est elle qui fait foi. Pour les v\u00e9hicules \u00e9lectriques, la <strong>vignette blanche et verte (niveau 0)<\/strong> est la seule habilit\u00e9e \u00e0 circuler sans aucune restriction dans les Zones \u00e0 Faibles \u00c9missions (ZFE), m\u00eame lors des pics de pollution.<\/li>\n\n\n\n<li><strong>\u00ab\u00a0Puis &#8211; je personnalis\u00e9e ma plaque homologu\u00e9e\u00a0?\u00a0\u00bb\u00a0: <\/strong>Si la plaque doit garder son fond blanc r\u00e9tror\u00e9fl\u00e9chissant, les conducteurs de VE peuvent s\u2019ils le souhaitent opter pour des finitions premium en <a href=\"https:\/\/www.plaqueandgo.com\/plaque-immatriculation-auto-aluminium-premium-2.html\"><strong>Aluminium Premium<\/strong><\/a><strong> ou <\/strong><a href=\"https:\/\/www.plaqueandgo.com\/plaque-immatriculation-automobile-plexiglas-premium-6.html\"><strong>Plexiglas Luxe<\/strong><\/a>. Ces options sont parfaitement l\u00e9gales et homologu\u00e9es tant qu&rsquo;elles respectent les normes SIV (Syst\u00e8me d&rsquo;Immatriculation des V\u00e9hicules). En effet portent le num\u00e9ro TPPR visible<\/li>\n\n\n\n<li>\u00ab&nbsp;<strong>Existe\u2011t\u2011il une plaque \u00e9cologique pour les v\u00e9hicules \u00e9lectriques ?<\/strong>&nbsp;\u00bb&nbsp;: Oui. Plaque&amp;Go a \u00e9t\u00e9 pr\u00e9curseur avec sa plaque &nbsp;<strong><a href=\"https:\/\/www.plaqueandgo.com\/plaque-immatriculation-voiture-ecologique-22.html\">Eco \u2019logique Plaques&amp;Go<\/a><\/strong>, con\u00e7ue pour allier conformit\u00e9 et d\u00e9marche responsable.<\/li>\n<\/ul>\n\n\n\n<h1 class=\"wp-block-heading\"><strong>Conclusion<\/strong><\/h1>\n\n\n\n<p>En 2026, la voiture \u00e9lectrique change de statut. Elle ne se r\u00e9sume plus \u00e0 un choix environnemental, mais devient un <strong>levier rationnel de ma\u00eetrise du budget automobile<\/strong>, face \u00e0 la fiscalit\u00e9 des v\u00e9hicules thermiques et \u00e0 l\u2019\u00e9volution du co\u00fbt des carburants.<\/p>\n\n\n\n<p>Pour accompagner ces nouveaux usages, les d\u00e9marches administratives et l\u2019\u00e9quipement du v\u00e9hicule \u2013 plaques d\u2019immatriculation comprises \u2013 doivent rester simples, conformes et durables.<\/p>\n\n\n\n<p><em>Vous venez de franchir le pas de l\u2019\u00e9lectrique ? Pour accompagner votre nouveau v\u00e9hicule, commandez vos <a href=\"https:\/\/www.plaqueandgo.com\/plaque-immatriculation-auto-1\">plaques homologu\u00e9es<\/a> sur notre site. Fabrication fran\u00e7aise de haute qualit\u00e9 et exp\u00e9dition en 24h.<\/em><\/p>\n\n\n\n<p><strong>Note sur les sources :<\/strong> Cet article s&rsquo;appuie sur les donn\u00e9es de la Plateforme Automobile (PFA), du SDES, ainsi que sur les analyses de march\u00e9 de La Centrale et Aramisauto publi\u00e9es au printemps 2026. Les tarifs d&rsquo;immatriculation et d&rsquo;\u00e9nergie sont ceux en vigueur au 1er avril 2026. <\/p>\n","protected":false},"excerpt":{"rendered":"<p>Nous y sommes. En ce printemps 2026, les v\u00e9hicules \u00e9lectriques ne sont plus un pari technologique ou un sujet r\u00e9serv\u00e9 aux sp\u00e9cialistes. Elle s\u2019installe durablement dans le paysage automobile fran\u00e7ais. Apr\u00e8s<\/p>\n\t\t<div class=\"more-link-holder\">\n\t\t\t<a class=\"more-link ghost-button-link\" href=\"https:\/\/www.plaqueandgo.com\/blog\/expansion-vehicules-electriques\/\">Lire la suite<\/a>\n\t\t<\/div>","protected":false},"author":8,"featured_media":7507,"comment_status":"closed","ping_status":"open","sticky":false,"template":"","format":"standard","meta":{"_lmt_disableupdate":"no","_lmt_disable":"","jetpack_publicize_message":"","jetpack_is_tweetstorm":false,"jetpack_publicize_feature_enabled":true,"jetpack_social_post_already_shared":true,"jetpack_social_options":{"image_generator_settings":{"template":"highway","enabled":false}}},"categories":[2],"tags":[],"jetpack_publicize_connections":[],"yoast_head":"<!-- This site is optimized with the Yoast SEO plugin v21.7 - https:\/\/yoast.com\/wordpress\/plugins\/seo\/ -->\n<title>2026 : L&#039;Ann\u00e9e de la Maturit\u00e9 pour la Mobilit\u00e9 \u00c9lectrique en France\u00a0? - Blog Plaque&amp;Go | Actualit\u00e9s de la plaque d&#039;immatriculation<\/title>\n<meta name=\"description\" content=\"d\u00e9couvrez l&#039;expansion des v\u00e9hicules \u00e9lectriques, les raisons et le futur des v\u00e9hicules \u00e9lectriques et la mobilit\u00e9 en France\" \/>\n<meta name=\"robots\" content=\"index, follow, max-snippet:-1, max-image-preview:large, max-video-preview:-1\" \/>\n<link rel=\"canonical\" href=\"https:\/\/www.plaqueandgo.com\/blog\/expansion-vehicules-electriques\/\" \/>\n<meta property=\"og:locale\" content=\"fr_FR\" \/>\n<meta property=\"og:type\" content=\"article\" \/>\n<meta property=\"og:title\" content=\"2026 : L&#039;Ann\u00e9e de la Maturit\u00e9 pour la Mobilit\u00e9 \u00c9lectrique en France\u00a0? - Blog Plaque&amp;Go | Actualit\u00e9s de la plaque d&#039;immatriculation\" \/>\n<meta property=\"og:description\" content=\"d\u00e9couvrez l&#039;expansion des v\u00e9hicules \u00e9lectriques, les raisons et le futur des v\u00e9hicules \u00e9lectriques et la mobilit\u00e9 en France\" \/>\n<meta property=\"og:url\" content=\"https:\/\/www.plaqueandgo.com\/blog\/expansion-vehicules-electriques\/\" \/>\n<meta property=\"og:site_name\" content=\"Blog Plaque&amp;Go | Actualit\u00e9s de la plaque d&#039;immatriculation\" \/>\n<meta property=\"article:publisher\" content=\"https:\/\/www.facebook.com\/PlaqueandGoofficial\/\" \/>\n<meta property=\"article:published_time\" content=\"2026-04-16T13:15:00+00:00\" \/>\n<meta property=\"article:modified_time\" content=\"2026-04-30T08:31:27+00:00\" \/>\n<meta property=\"og:image\" content=\"https:\/\/www.plaqueandgo.com\/blog\/wp-content\/uploads\/2026\/04\/Blog-PG-vehicule-electrique.jpg\" \/>\n\t<meta property=\"og:image:width\" content=\"1920\" \/>\n\t<meta property=\"og:image:height\" content=\"1080\" \/>\n\t<meta property=\"og:image:type\" content=\"image\/jpeg\" \/>\n<meta name=\"author\" content=\"marketing faabfabricauto\" \/>\n<meta name=\"twitter:card\" content=\"summary_large_image\" \/>\n<meta name=\"twitter:creator\" content=\"@PlaqueandGo\" \/>\n<meta name=\"twitter:site\" content=\"@PlaqueandGo\" \/>\n<meta name=\"twitter:label1\" content=\"\u00c9crit par\" \/>\n\t<meta name=\"twitter:data1\" content=\"marketing faabfabricauto\" \/>\n\t<meta name=\"twitter:label2\" content=\"Dur\u00e9e de lecture estim\u00e9e\" \/>\n\t<meta name=\"twitter:data2\" content=\"6 minutes\" \/>\n<script type=\"application\/ld+json\" class=\"yoast-schema-graph\">{\"@context\":\"https:\/\/schema.org\",\"@graph\":[{\"@type\":\"Article\",\"@id\":\"https:\/\/www.plaqueandgo.com\/blog\/expansion-vehicules-electriques\/#article\",\"isPartOf\":{\"@id\":\"https:\/\/www.plaqueandgo.com\/blog\/expansion-vehicules-electriques\/\"},\"author\":{\"name\":\"marketing faabfabricauto\",\"@id\":\"https:\/\/www.plaqueandgo.com\/blog\/#\/schema\/person\/9cd04b006673391596c63d6d4683fd1d\"},\"headline\":\"2026 : L&rsquo;Ann\u00e9e de la Maturit\u00e9 pour la Mobilit\u00e9 \u00c9lectrique en France\u00a0?\",\"datePublished\":\"2026-04-16T13:15:00+00:00\",\"dateModified\":\"2026-04-30T08:31:27+00:00\",\"mainEntityOfPage\":{\"@id\":\"https:\/\/www.plaqueandgo.com\/blog\/expansion-vehicules-electriques\/\"},\"wordCount\":1099,\"publisher\":{\"@id\":\"https:\/\/www.plaqueandgo.com\/blog\/#organization\"},\"articleSection\":[\"News\"],\"inLanguage\":\"fr-FR\"},{\"@type\":\"WebPage\",\"@id\":\"https:\/\/www.plaqueandgo.com\/blog\/expansion-vehicules-electriques\/\",\"url\":\"https:\/\/www.plaqueandgo.com\/blog\/expansion-vehicules-electriques\/\",\"name\":\"2026 : L'Ann\u00e9e de la Maturit\u00e9 pour la Mobilit\u00e9 \u00c9lectrique en France\u00a0? - Blog Plaque&amp;Go | Actualit\u00e9s de la plaque d&#039;immatriculation\",\"isPartOf\":{\"@id\":\"https:\/\/www.plaqueandgo.com\/blog\/#website\"},\"datePublished\":\"2026-04-16T13:15:00+00:00\",\"dateModified\":\"2026-04-30T08:31:27+00:00\",\"description\":\"d\u00e9couvrez l'expansion des v\u00e9hicules \u00e9lectriques, les raisons et le futur des v\u00e9hicules \u00e9lectriques et la mobilit\u00e9 en France\",\"breadcrumb\":{\"@id\":\"https:\/\/www.plaqueandgo.com\/blog\/expansion-vehicules-electriques\/#breadcrumb\"},\"inLanguage\":\"fr-FR\",\"potentialAction\":[{\"@type\":\"ReadAction\",\"target\":[\"https:\/\/www.plaqueandgo.com\/blog\/expansion-vehicules-electriques\/\"]}]},{\"@type\":\"BreadcrumbList\",\"@id\":\"https:\/\/www.plaqueandgo.com\/blog\/expansion-vehicules-electriques\/#breadcrumb\",\"itemListElement\":[{\"@type\":\"ListItem\",\"position\":1,\"name\":\"Actualit\u00e9 Plaque&amp;Go\",\"item\":\"https:\/\/www.plaqueandgo.com\/blog\/\"},{\"@type\":\"ListItem\",\"position\":2,\"name\":\"2026 : L&rsquo;Ann\u00e9e de la Maturit\u00e9 pour la Mobilit\u00e9 \u00c9lectrique en France\u00a0?\"}]},{\"@type\":\"WebSite\",\"@id\":\"https:\/\/www.plaqueandgo.com\/blog\/#website\",\"url\":\"https:\/\/www.plaqueandgo.com\/blog\/\",\"name\":\"Blog Plaque&amp;Go | Actualit\u00e9s de la plaque d&#039;immatriculation\",\"description\":\"La plaque d&#039;immatriculation qui vous fait voyager\",\"publisher\":{\"@id\":\"https:\/\/www.plaqueandgo.com\/blog\/#organization\"},\"potentialAction\":[{\"@type\":\"SearchAction\",\"target\":{\"@type\":\"EntryPoint\",\"urlTemplate\":\"https:\/\/www.plaqueandgo.com\/blog\/?s={search_term_string}\"},\"query-input\":\"required name=search_term_string\"}],\"inLanguage\":\"fr-FR\"},{\"@type\":\"Organization\",\"@id\":\"https:\/\/www.plaqueandgo.com\/blog\/#organization\",\"name\":\"Plaque&Go\",\"url\":\"https:\/\/www.plaqueandgo.com\/blog\/\",\"logo\":{\"@type\":\"ImageObject\",\"inLanguage\":\"fr-FR\",\"@id\":\"https:\/\/www.plaqueandgo.com\/blog\/#\/schema\/logo\/image\/\",\"url\":\"https:\/\/www.plaqueandgo.com\/blog\/wp-content\/uploads\/2018\/05\/logo-plaque-and-go-mobile.svg\",\"contentUrl\":\"https:\/\/www.plaqueandgo.com\/blog\/wp-content\/uploads\/2018\/05\/logo-plaque-and-go-mobile.svg\",\"width\":406.061,\"height\":197.849,\"caption\":\"Plaque&Go\"},\"image\":{\"@id\":\"https:\/\/www.plaqueandgo.com\/blog\/#\/schema\/logo\/image\/\"},\"sameAs\":[\"https:\/\/www.facebook.com\/PlaqueandGoofficial\/\",\"https:\/\/twitter.com\/PlaqueandGo\",\"https:\/\/www.instagram.com\/plaqueandgo\/\",\"https:\/\/www.pinterest.fr\/PlaqueandGo\/\"]},{\"@type\":\"Person\",\"@id\":\"https:\/\/www.plaqueandgo.com\/blog\/#\/schema\/person\/9cd04b006673391596c63d6d4683fd1d\",\"name\":\"marketing faabfabricauto\",\"image\":{\"@type\":\"ImageObject\",\"inLanguage\":\"fr-FR\",\"@id\":\"https:\/\/www.plaqueandgo.com\/blog\/#\/schema\/person\/image\/\",\"url\":\"https:\/\/secure.gravatar.com\/avatar\/b280d886c60754a12a228834094c6d9e?s=96&d=mm&r=g\",\"contentUrl\":\"https:\/\/secure.gravatar.com\/avatar\/b280d886c60754a12a228834094c6d9e?s=96&d=mm&r=g\",\"caption\":\"marketing faabfabricauto\"},\"sameAs\":[\"http:\/\/marketing\"],\"url\":\"https:\/\/www.plaqueandgo.com\/blog\/author\/marketing\/\"}]}<\/script>\n<!-- \/ Yoast SEO plugin. -->","yoast_head_json":{"title":"2026 : L'Ann\u00e9e de la Maturit\u00e9 pour la Mobilit\u00e9 \u00c9lectrique en France\u00a0? - Blog Plaque&amp;Go | Actualit\u00e9s de la plaque d&#039;immatriculation","description":"d\u00e9couvrez l'expansion des v\u00e9hicules \u00e9lectriques, les raisons et le futur des v\u00e9hicules \u00e9lectriques et la mobilit\u00e9 en France","robots":{"index":"index","follow":"follow","max-snippet":"max-snippet:-1","max-image-preview":"max-image-preview:large","max-video-preview":"max-video-preview:-1"},"canonical":"https:\/\/www.plaqueandgo.com\/blog\/expansion-vehicules-electriques\/","og_locale":"fr_FR","og_type":"article","og_title":"2026 : L'Ann\u00e9e de la Maturit\u00e9 pour la Mobilit\u00e9 \u00c9lectrique en France\u00a0? - Blog Plaque&amp;Go | Actualit\u00e9s de la plaque d&#039;immatriculation","og_description":"d\u00e9couvrez l'expansion des v\u00e9hicules \u00e9lectriques, les raisons et le futur des v\u00e9hicules \u00e9lectriques et la mobilit\u00e9 en France","og_url":"https:\/\/www.plaqueandgo.com\/blog\/expansion-vehicules-electriques\/","og_site_name":"Blog Plaque&amp;Go | Actualit\u00e9s de la plaque d&#039;immatriculation","article_publisher":"https:\/\/www.facebook.com\/PlaqueandGoofficial\/","article_published_time":"2026-04-16T13:15:00+00:00","article_modified_time":"2026-04-30T08:31:27+00:00","og_image":[{"width":1920,"height":1080,"url":"https:\/\/www.plaqueandgo.com\/blog\/wp-content\/uploads\/2026\/04\/Blog-PG-vehicule-electrique.jpg","type":"image\/jpeg"}],"author":"marketing faabfabricauto","twitter_card":"summary_large_image","twitter_creator":"@PlaqueandGo","twitter_site":"@PlaqueandGo","twitter_misc":{"\u00c9crit par":"marketing faabfabricauto","Dur\u00e9e de lecture estim\u00e9e":"6 minutes"},"schema":{"@context":"https:\/\/schema.org","@graph":[{"@type":"Article","@id":"https:\/\/www.plaqueandgo.com\/blog\/expansion-vehicules-electriques\/#article","isPartOf":{"@id":"https:\/\/www.plaqueandgo.com\/blog\/expansion-vehicules-electriques\/"},"author":{"name":"marketing faabfabricauto","@id":"https:\/\/www.plaqueandgo.com\/blog\/#\/schema\/person\/9cd04b006673391596c63d6d4683fd1d"},"headline":"2026 : L&rsquo;Ann\u00e9e de la Maturit\u00e9 pour la Mobilit\u00e9 \u00c9lectrique en France\u00a0?","datePublished":"2026-04-16T13:15:00+00:00","dateModified":"2026-04-30T08:31:27+00:00","mainEntityOfPage":{"@id":"https:\/\/www.plaqueandgo.com\/blog\/expansion-vehicules-electriques\/"},"wordCount":1099,"publisher":{"@id":"https:\/\/www.plaqueandgo.com\/blog\/#organization"},"articleSection":["News"],"inLanguage":"fr-FR"},{"@type":"WebPage","@id":"https:\/\/www.plaqueandgo.com\/blog\/expansion-vehicules-electriques\/","url":"https:\/\/www.plaqueandgo.com\/blog\/expansion-vehicules-electriques\/","name":"2026 : L'Ann\u00e9e de la Maturit\u00e9 pour la Mobilit\u00e9 \u00c9lectrique en France\u00a0? - Blog Plaque&amp;Go | Actualit\u00e9s de la plaque d&#039;immatriculation","isPartOf":{"@id":"https:\/\/www.plaqueandgo.com\/blog\/#website"},"datePublished":"2026-04-16T13:15:00+00:00","dateModified":"2026-04-30T08:31:27+00:00","description":"d\u00e9couvrez l'expansion des v\u00e9hicules \u00e9lectriques, les raisons et le futur des v\u00e9hicules \u00e9lectriques et la mobilit\u00e9 en France","breadcrumb":{"@id":"https:\/\/www.plaqueandgo.com\/blog\/expansion-vehicules-electriques\/#breadcrumb"},"inLanguage":"fr-FR","potentialAction":[{"@type":"ReadAction","target":["https:\/\/www.plaqueandgo.com\/blog\/expansion-vehicules-electriques\/"]}]},{"@type":"BreadcrumbList","@id":"https:\/\/www.plaqueandgo.com\/blog\/expansion-vehicules-electriques\/#breadcrumb","itemListElement":[{"@type":"ListItem","position":1,"name":"Actualit\u00e9 Plaque&amp;Go","item":"https:\/\/www.plaqueandgo.com\/blog\/"},{"@type":"ListItem","position":2,"name":"2026 : L&rsquo;Ann\u00e9e de la Maturit\u00e9 pour la Mobilit\u00e9 \u00c9lectrique en France\u00a0?"}]},{"@type":"WebSite","@id":"https:\/\/www.plaqueandgo.com\/blog\/#website","url":"https:\/\/www.plaqueandgo.com\/blog\/","name":"Blog Plaque&amp;Go | Actualit\u00e9s de la plaque d&#039;immatriculation","description":"La plaque d&#039;immatriculation qui vous fait voyager","publisher":{"@id":"https:\/\/www.plaqueandgo.com\/blog\/#organization"},"potentialAction":[{"@type":"SearchAction","target":{"@type":"EntryPoint","urlTemplate":"https:\/\/www.plaqueandgo.com\/blog\/?s={search_term_string}"},"query-input":"required name=search_term_string"}],"inLanguage":"fr-FR"},{"@type":"Organization","@id":"https:\/\/www.plaqueandgo.com\/blog\/#organization","name":"Plaque&Go","url":"https:\/\/www.plaqueandgo.com\/blog\/","logo":{"@type":"ImageObject","inLanguage":"fr-FR","@id":"https:\/\/www.plaqueandgo.com\/blog\/#\/schema\/logo\/image\/","url":"https:\/\/www.plaqueandgo.com\/blog\/wp-content\/uploads\/2018\/05\/logo-plaque-and-go-mobile.svg","contentUrl":"https:\/\/www.plaqueandgo.com\/blog\/wp-content\/uploads\/2018\/05\/logo-plaque-and-go-mobile.svg","width":406.061,"height":197.849,"caption":"Plaque&Go"},"image":{"@id":"https:\/\/www.plaqueandgo.com\/blog\/#\/schema\/logo\/image\/"},"sameAs":["https:\/\/www.facebook.com\/PlaqueandGoofficial\/","https:\/\/twitter.com\/PlaqueandGo","https:\/\/www.instagram.com\/plaqueandgo\/","https:\/\/www.pinterest.fr\/PlaqueandGo\/"]},{"@type":"Person","@id":"https:\/\/www.plaqueandgo.com\/blog\/#\/schema\/person\/9cd04b006673391596c63d6d4683fd1d","name":"marketing faabfabricauto","image":{"@type":"ImageObject","inLanguage":"fr-FR","@id":"https:\/\/www.plaqueandgo.com\/blog\/#\/schema\/person\/image\/","url":"https:\/\/secure.gravatar.com\/avatar\/b280d886c60754a12a228834094c6d9e?s=96&d=mm&r=g","contentUrl":"https:\/\/secure.gravatar.com\/avatar\/b280d886c60754a12a228834094c6d9e?s=96&d=mm&r=g","caption":"marketing faabfabricauto"},"sameAs":["http:\/\/marketing"],"url":"https:\/\/www.plaqueandgo.com\/blog\/author\/marketing\/"}]}},"modified_by":"contact@plaqueandgo.com","jetpack_featured_media_url":"https:\/\/i0.wp.com\/www.plaqueandgo.com\/blog\/wp-content\/uploads\/2026\/04\/Blog-PG-vehicule-electrique.jpg?fit=1920%2C1080&ssl=1","jetpack_sharing_enabled":true,"jetpack_likes_enabled":false,"_links":{"self":[{"href":"https:\/\/www.plaqueandgo.com\/blog\/wp-json\/wp\/v2\/posts\/7503"}],"collection":[{"href":"https:\/\/www.plaqueandgo.com\/blog\/wp-json\/wp\/v2\/posts"}],"about":[{"href":"https:\/\/www.plaqueandgo.com\/blog\/wp-json\/wp\/v2\/types\/post"}],"author":[{"embeddable":true,"href":"https:\/\/www.plaqueandgo.com\/blog\/wp-json\/wp\/v2\/users\/8"}],"replies":[{"embeddable":true,"href":"https:\/\/www.plaqueandgo.com\/blog\/wp-json\/wp\/v2\/comments?post=7503"}],"version-history":[{"count":1,"href":"https:\/\/www.plaqueandgo.com\/blog\/wp-json\/wp\/v2\/posts\/7503\/revisions"}],"predecessor-version":[{"id":7508,"href":"https:\/\/www.plaqueandgo.com\/blog\/wp-json\/wp\/v2\/posts\/7503\/revisions\/7508"}],"wp:featuredmedia":[{"embeddable":true,"href":"https:\/\/www.plaqueandgo.com\/blog\/wp-json\/wp\/v2\/media\/7507"}],"wp:attachment":[{"href":"https:\/\/www.plaqueandgo.com\/blog\/wp-json\/wp\/v2\/media?parent=7503"}],"wp:term":[{"taxonomy":"category","embeddable":true,"href":"https:\/\/www.plaqueandgo.com\/blog\/wp-json\/wp\/v2\/categories?post=7503"},{"taxonomy":"post_tag","embeddable":true,"href":"https:\/\/www.plaqueandgo.com\/blog\/wp-json\/wp\/v2\/tags?post=7503"}],"curies":[{"name":"wp","href":"https:\/\/api.w.org\/{rel}","templated":true}]}}