{"id":7437,"date":"2026-03-05T13:30:00","date_gmt":"2026-03-05T12:30:00","guid":{"rendered":"https:\/\/www.plaqueandgo.com\/blog\/?p=7437"},"modified":"2026-04-09T11:35:40","modified_gmt":"2026-04-09T09:35:40","slug":"toutes-les-couleurs-de-plaques-dimmatriculation-et-leur-histoire","status":"publish","type":"post","link":"https:\/\/www.plaqueandgo.com\/blog\/toutes-les-couleurs-de-plaques-dimmatriculation-et-leur-histoire\/","title":{"rendered":"Toutes les couleurs de plaques d\u2019immatriculation : signification, histoire et r\u00e9glementation"},"content":{"rendered":"\n<p>La couleur d\u2019une <strong>plaque d\u2019immatriculation<\/strong> n\u2019est pas qu\u2019un choix esth\u00e9tique : elle refl\u00e8te l\u2019<strong>histoire r\u00e9glementaire d\u2019un pays<\/strong> et la fonction particuli\u00e8re d\u2019un v\u00e9hicule. L\u2019usage des couleurs a \u00e9volu\u00e9 au fil des d\u00e9cennies, avec des changements souvent li\u00e9s \u00e0 des normes r\u00e9glementaires (Passage du FNI &#8211; Fichier National des Immatriculations au SIV &#8211; Syst\u00e8me d&rsquo;immatriculation des v\u00e9hicules) et \u00e0 des besoins sp\u00e9cifiques (visibilit\u00e9, statut diplomatique, transit, collection).<\/p>\n\n\n\n<p>En France, ces couleurs ont \u00e9volu\u00e9 au fil du temps et correspondent \u00e0 des statuts bien d\u00e9finis. Plaque &amp; Go vous en pr\u00e9sente quelques exemples des couleurs de plaques d\u2019immatriculation : signification, histoire et r\u00e9glementation\u00a0:<\/p>\n\n\n\n<h2 class=\"wp-block-heading\"><strong>Plaques d\u2019immatriculation blanches : le standard actuel<\/strong><\/h2>\n\n\n\n<h3 class=\"wp-block-heading\"><strong>Depuis quand ?<\/strong><\/h3>\n\n\n\n<p>Les plaques d&rsquo;immatriculation de couleur <strong>blanches \u00e0 caract\u00e8res noirs avant et arri\u00e8re<\/strong> sont devenues la norme avec la mise en place du nouveau Syst\u00e8me d&rsquo;immatriculation des v\u00e9hicules (ou SIV) entr\u00e9 en vigueur le <strong>15 avril 2009<\/strong> pour les v\u00e9hicules neufs, puis progressivement g\u00e9n\u00e9ralis\u00e9.<\/p>\n\n\n\n<p>Le syst\u00e8me pr\u00e9c\u00e9dent (FNI \u2013 Fichier National des Immatriculations) \u00e9tait :<\/p>\n\n\n\n<ul>\n<li>Un num\u00e9ro sous le format \u00ab&nbsp;123 AB 45&nbsp;\u00bb, o\u00f9 les deux derniers chiffres correspondaient au d\u00e9partement,<\/li>\n\n\n\n<li>Li\u00e9 au propri\u00e9taire,<\/li>\n\n\n\n<li>Satur\u00e9 dans certains territoires,<\/li>\n\n\n\n<li>Moins adapt\u00e9 aux \u00e9changes europ\u00e9ens.<\/li>\n<\/ul>\n\n\n\n<p>Le SIV a \u00e9t\u00e9 instaur\u00e9 pour :<\/p>\n\n\n\n<ul>\n<li>Moderniser le syst\u00e8me,<\/li>\n\n\n\n<li>Simplifier les d\u00e9marches,<\/li>\n\n\n\n<li>Permettre une immatriculation \u00e0 vie d\u2019un v\u00e9hicule,<\/li>\n\n\n\n<li>Harmoniser avec les standards europ\u00e9ens.<\/li>\n<\/ul>\n\n\n\n<p>Le blanc am\u00e9liore :<\/p>\n\n\n\n<ul>\n<li>La <strong>r\u00e9flectivit\u00e9 lumineuse,<\/strong><\/li>\n\n\n\n<li>La lecture par radar automatique,<\/li>\n\n\n\n<li>La lecture par syst\u00e8mes LAPI (Lecture Automatique des Plaques d\u2019Immatriculation).<\/li>\n<\/ul>\n\n\n\n<p>ET, depuis les ann\u00e9es 1990, les plaques fran\u00e7aises doivent \u00eatre <strong>r\u00e9tror\u00e9fl\u00e9chissantes<\/strong>, comme le souligne la norme europ\u00e9enne applicable aux plaques : <a href=\"https:\/\/www.legifrance.gouv.fr\/loda\/id\/JORFTEXT000020581309\/2024-02-11\">R\u00e8glement ONU n\u00b070 \/ Directive 70\/222\/CEE modifi\u00e9e<\/a>.<\/p>\n\n\n\n<h3 class=\"wp-block-heading\"><strong>Qu\u2019est-ce que la r\u00e9tro-r\u00e9flexion ?<\/strong><\/h3>\n\n\n\n<p>Un mat\u00e9riau r\u00e9tror\u00e9fl\u00e9chissant renvoie la lumi\u00e8re <strong>vers sa source<\/strong> (phares de voiture, flash radar), contrairement \u00e0 une simple r\u00e9flexion diffuse.<\/p>\n\n\n\n<p>Cela permet :<\/p>\n\n\n\n<ul>\n<li>Lecture nocturne optimale,<\/li>\n\n\n\n<li>Identification par radars,<\/li>\n\n\n\n<li>Meilleure s\u00e9curit\u00e9 routi\u00e8re.<\/li>\n<\/ul>\n\n\n\n<h2 class=\"wp-block-heading\"><strong>Plaques d\u2019immatriculation jaunes : ancien syst\u00e8me FNI<\/strong><\/h2>\n\n\n\n<h3 class=\"wp-block-heading\"><strong>Depuis quand ?<\/strong><\/h3>\n\n\n\n<p>Le syst\u00e8me FNI, dont les num\u00e9ros d\u2019immatriculation \u00e9taient pr\u00e9sent\u00e9s sous le format \u00ab&nbsp;1234 AB 01&nbsp;\u00bb, a \u00e9t\u00e9 mis en place en <strong>1950<\/strong>. \u00c0 partir de 1993, les plaques arri\u00e8re sont devenues <strong>jaunes r\u00e9tror\u00e9fl\u00e9chissantes<\/strong>, tandis que l\u2019avant restait blanc.<\/p>\n\n\n\n<h3 class=\"wp-block-heading\"><strong>Pourquoi jaune \u00e0 l\u2019arri\u00e8re ?<\/strong><\/h3>\n\n\n\n<p>Le jaune offrait une meilleure visibilit\u00e9 nocturne avec les \u00e9clairages d\u2019\u00e9poque. Depuis 2009, ces plaques restent valides uniquement si le v\u00e9hicule n\u2019a jamais chang\u00e9 d\u2019immatriculation. Le changement de <strong>carte grise<\/strong> (vente, d\u00e9m\u00e9nagement) entra\u00eene en pratique le passage au SIV.<\/p>\n\n\n\n<h2 class=\"wp-block-heading\"><strong>Plaques d\u2019immatriculation rouges : transit temporaire<\/strong><\/h2>\n\n\n\n<h3 class=\"wp-block-heading\"><strong>Depuis quand ?<\/strong><\/h3>\n\n\n\n<p>Les plaques rouges, avec caract\u00e8res blancs ou aluminium, sont destin\u00e9es aux v\u00e9hicules en <strong>Transit Temporaire (TT)<\/strong>, avec une validit\u00e9 limit\u00e9e souvent de 3 \u00e0 6 mois, notamment pour :<\/p>\n\n\n\n<ul>\n<li>R\u00e9sidents \u00e9trangers achetant un v\u00e9hicule en France,<\/li>\n\n\n\n<li>V\u00e9hicules destin\u00e9s \u00e0 l\u2019export.<\/li>\n<\/ul>\n\n\n\n<p>Le r\u00e9gime TT existe depuis les ann\u00e9es 1970, formalis\u00e9 dans sa forme actuelle en <strong>1976<\/strong>.<\/p>\n\n\n\n<h3 class=\"wp-block-heading\"><strong>Pourquoi rouge ?<\/strong><\/h3>\n\n\n\n<p>La r\u00e9glementation fixe la couleur rouge pour mieux distinguer les v\u00e9hicules en transit temporaire. Les textes ne pr\u00e9cisent pas la raison du choix chromatique, mais cette couleur permet une identification imm\u00e9diate d\u2019un statut provisoire.<\/p>\n\n\n\n<h2 class=\"wp-block-heading\"><strong>Plaques d\u2019immatriculation vertes : diplomatiques<\/strong><\/h2>\n\n\n\n<h3 class=\"wp-block-heading\"><strong>Depuis quand ?<\/strong><\/h3>\n\n\n\n<p>Les plaques diplomatiques existent en France depuis les ann\u00e9es 1930, avec un cadre formalis\u00e9 par la Convention de Vienne de 1961.<\/p>\n\n\n\n<p>Elles comportent des mentions comme :<\/p>\n\n\n\n<ul>\n<li>CD (Corps Diplomatique),<\/li>\n\n\n\n<li>CMD (Chef de Mission Diplomatique),<\/li>\n\n\n\n<li>C (Consulat).<\/li>\n<\/ul>\n\n\n\n<h3 class=\"wp-block-heading\"><strong>Pourquoi vert ?<\/strong><\/h3>\n\n\n\n<p>Il s\u2019inscrit dans une convention visuelle internationale facilitant l\u2019identification des v\u00e9hicules b\u00e9n\u00e9ficiant d\u2019un statut particulier.<\/p>\n\n\n\n<h2 class=\"wp-block-heading\"><strong>Plaques d\u2019immatriculation noires : v\u00e9hicules de collection<\/strong><\/h2>\n\n\n\n<h3 class=\"wp-block-heading\"><strong>Depuis quand ?<\/strong><\/h3>\n\n\n\n<p>Les plaques noires \u00e9taient la norme jusqu\u2019en 1993.<\/p>\n\n\n\n<p>Elles sont aujourd\u2019hui autoris\u00e9es uniquement pour les <strong>v\u00e9hicules de collection<\/strong> (carte grise \u00ab&nbsp;collection&nbsp;\u00bb).<\/p>\n\n\n\n<p>Condition principale :<\/p>\n\n\n\n<ul>\n<li>V\u00e9hicule de plus de 30 ans,<\/li>\n\n\n\n<li>Mention \u201ccollection\u201d sur la carte grise.<\/li>\n<\/ul>\n\n\n\n<p>Pour plus d\u2019informations, r\u00e9f\u00e9rez-vous \u00e0 l\u2019article ici&nbsp;: <a href=\"https:\/\/www.plaqueandgo.com\/blog\/plaques-dimmatriculation_collection\/\">Les Plaques Collection : entre authenticit\u00e9, style et r\u00e9glementation &#8211; Blog Plaque&amp;Go | Actualit\u00e9s de la plaque d&rsquo;immatriculation<\/a><\/p>\n\n\n\n<h2 class=\"wp-block-heading\"><strong>Plaques d\u2019immatriculation bleues : Arm\u00e9e fran\u00e7aise<\/strong><\/h2>\n\n\n\n<p>Les plaques bleues \u00e9taient historiquement attribu\u00e9es aux Forces Fran\u00e7aises stationn\u00e9es en Allemagne apr\u00e8s la Seconde Guerre mondiale. Ce syst\u00e8me, aujourd\u2019hui disparu, a \u00e9t\u00e9 d\u00e9finitivement abandonn\u00e9 en 2017 dans un objectif d\u2019harmonisation.<\/p>\n\n\n\n<p>Les plaques des v\u00e9hicules militaires actuels sont noires \/ blanches avec logo, hors format SIV.<\/p>\n\n\n\n<h2 class=\"wp-block-heading\"><strong>Plaques d\u2019immatriculation roses&nbsp;: les immatriculations provisoires (WW \/ W garage)<\/strong><\/h2>\n\n\n\n<p>Depuis <strong>1er janvier 2026<\/strong>, les plaques provisoires WW ou W Garage ont adopt\u00e9 un fond rose.<\/p>\n\n\n\n<p>Objectif :<\/p>\n\n\n\n<ul>\n<li>Lutter contre la fraude,<\/li>\n\n\n\n<li>Identifier rapidement les immatriculations temporaires.<\/li>\n<\/ul>\n\n\n\n<p>Pour en savoir plus&nbsp;:<a href=\"https:\/\/www.legifrance.gouv.fr\/jorf\/id\/JORFTEXT000052971649\"><strong>Arr\u00eat\u00e9 du 21 novembre 2025 modifiant les caract\u00e9ristiques des plaques d&rsquo;immatriculation des v\u00e9hicules faisant l&rsquo;objet d&rsquo;une immatriculation provisoire en WW ou en W garage &#8211; L\u00e9gifrance<\/strong><\/a><\/p>\n\n\n\n<h3 class=\"wp-block-heading\"><strong>Pourquoi rose ?<\/strong><\/h3>\n\n\n\n<p>Offrant une rupture visuelle forte avec le blanc standard, la couleur rose a \u00e9t\u00e9 introduite afin de distinguer clairement les couleurs de plaques d\u2019immatriculation provisoires du parc classique et de renforcer les contr\u00f4les visuels. Cette couleur \u00e9tait \u00e9galement une de celles encore non-utilis\u00e9e au niveau europ\u00e9en.<\/p>\n\n\n\n<h2 class=\"wp-block-heading\">Pour Finir<\/h2>\n\n\n\n<p>Derri\u00e8re les couleurs de plaques d\u2019immatriculation se cache une histoire, un usage pr\u00e9cis et surtout une r\u00e9glementation \u00e0 respecter. Si certaines plaques marquent une \u00e9poque ou un statut particulier, sur la route, la conformit\u00e9 reste indispensable.<\/p>\n\n\n\n<p>Chez Plaque&amp;Go, nous mettons notre expertise au service des automobilistes en proposant exclusivement des plaques d\u2019immatriculation homologu\u00e9es, conformes aux normes fran\u00e7aises en vigueur, quels que soient le format, le type de v\u00e9hicule ou le contexte d\u2019utilisation.<\/p>\n\n\n\n<p>Que vous remplaciez une plaque us\u00e9e, que vous passiez \u00e0 un nouveau format ou que vous souhaitiez rouler en toute s\u00e9r\u00e9nit\u00e9, vous trouverez sur notre site des plaques fiables, r\u00e9glementaires et fabriqu\u00e9es avec exigence.<\/p>\n\n\n\n<p>\ud83d\udc49 <a href=\"https:\/\/www.plaqueandgo.com\/plaque-immatriculation-4x4-et-utilitaires-8\">D\u00e9couvrez l\u2019ensemble de nos plaques d\u2019immatriculation homologu\u00e9es sur Plaque&amp;Go et roulez en toute conformit\u00e9.<\/a><\/p>\n","protected":false},"excerpt":{"rendered":"<p>La couleur d\u2019une plaque d\u2019immatriculation n\u2019est pas qu\u2019un choix esth\u00e9tique : elle refl\u00e8te l\u2019histoire r\u00e9glementaire d\u2019un pays et la fonction particuli\u00e8re d\u2019un v\u00e9hicule. L\u2019usage des couleurs a \u00e9volu\u00e9 au fil des<\/p>\n\t\t<div class=\"more-link-holder\">\n\t\t\t<a class=\"more-link ghost-button-link\" href=\"https:\/\/www.plaqueandgo.com\/blog\/toutes-les-couleurs-de-plaques-dimmatriculation-et-leur-histoire\/\">Lire la suite<\/a>\n\t\t<\/div>","protected":false},"author":8,"featured_media":7456,"comment_status":"closed","ping_status":"open","sticky":false,"template":"","format":"standard","meta":{"_lmt_disableupdate":"no","_lmt_disable":"","jetpack_publicize_message":"","jetpack_is_tweetstorm":false,"jetpack_publicize_feature_enabled":true,"jetpack_social_post_already_shared":true,"jetpack_social_options":{"image_generator_settings":{"template":"highway","enabled":false}}},"categories":[2,83],"tags":[],"jetpack_publicize_connections":[],"yoast_head":"<!-- This site is optimized with the Yoast SEO plugin v21.7 - https:\/\/yoast.com\/wordpress\/plugins\/seo\/ -->\n<title>Blog Plaque&amp;Go | Actualit\u00e9s de la plaque d&#039;immatriculation - Toutes les couleurs de plaques d\u2019immatriculation : signification, histoire et r\u00e9glementation<\/title>\n<meta name=\"description\" content=\"D\u00e9couvrez la signification des couleurs des plaques d\u2019immatriculation en France : blanc, jaune, vert, noir, rouge\u2026\" \/>\n<meta name=\"robots\" content=\"index, follow, max-snippet:-1, max-image-preview:large, max-video-preview:-1\" \/>\n<link rel=\"canonical\" href=\"https:\/\/www.plaqueandgo.com\/blog\/toutes-les-couleurs-de-plaques-dimmatriculation-et-leur-histoire\/\" \/>\n<meta property=\"og:locale\" content=\"fr_FR\" \/>\n<meta property=\"og:type\" content=\"article\" \/>\n<meta property=\"og:title\" content=\"Blog Plaque&amp;Go | Actualit\u00e9s de la plaque d&#039;immatriculation - Toutes les couleurs de plaques d\u2019immatriculation : signification, histoire et r\u00e9glementation\" \/>\n<meta property=\"og:description\" content=\"D\u00e9couvrez la signification des couleurs des plaques d\u2019immatriculation en France : blanc, jaune, vert, noir, rouge\u2026\" \/>\n<meta property=\"og:url\" content=\"https:\/\/www.plaqueandgo.com\/blog\/toutes-les-couleurs-de-plaques-dimmatriculation-et-leur-histoire\/\" \/>\n<meta property=\"og:site_name\" content=\"Blog Plaque&amp;Go | Actualit\u00e9s de la plaque d&#039;immatriculation\" \/>\n<meta property=\"article:publisher\" content=\"https:\/\/www.facebook.com\/PlaqueandGoofficial\/\" \/>\n<meta property=\"article:published_time\" content=\"2026-03-05T12:30:00+00:00\" \/>\n<meta property=\"article:modified_time\" content=\"2026-04-09T09:35:40+00:00\" \/>\n<meta property=\"og:image\" content=\"https:\/\/www.plaqueandgo.com\/blog\/wp-content\/uploads\/2026\/03\/Voiture-argentee-sur-route-cotiere-1-900x600.png\" \/>\n\t<meta property=\"og:image:width\" content=\"900\" \/>\n\t<meta property=\"og:image:height\" content=\"600\" \/>\n\t<meta property=\"og:image:type\" content=\"image\/png\" \/>\n<meta name=\"author\" content=\"marketing faabfabricauto\" \/>\n<meta name=\"twitter:card\" content=\"summary_large_image\" \/>\n<meta name=\"twitter:creator\" content=\"@PlaqueandGo\" \/>\n<meta name=\"twitter:site\" content=\"@PlaqueandGo\" \/>\n<meta name=\"twitter:label1\" content=\"\u00c9crit par\" \/>\n\t<meta name=\"twitter:data1\" content=\"marketing faabfabricauto\" \/>\n\t<meta name=\"twitter:label2\" content=\"Dur\u00e9e de lecture estim\u00e9e\" \/>\n\t<meta name=\"twitter:data2\" content=\"5 minutes\" \/>\n<script type=\"application\/ld+json\" class=\"yoast-schema-graph\">{\"@context\":\"https:\/\/schema.org\",\"@graph\":[{\"@type\":\"Article\",\"@id\":\"https:\/\/www.plaqueandgo.com\/blog\/toutes-les-couleurs-de-plaques-dimmatriculation-et-leur-histoire\/#article\",\"isPartOf\":{\"@id\":\"https:\/\/www.plaqueandgo.com\/blog\/toutes-les-couleurs-de-plaques-dimmatriculation-et-leur-histoire\/\"},\"author\":{\"name\":\"marketing faabfabricauto\",\"@id\":\"https:\/\/www.plaqueandgo.com\/blog\/#\/schema\/person\/9cd04b006673391596c63d6d4683fd1d\"},\"headline\":\"Toutes les couleurs de plaques d\u2019immatriculation : signification, histoire et r\u00e9glementation\",\"datePublished\":\"2026-03-05T12:30:00+00:00\",\"dateModified\":\"2026-04-09T09:35:40+00:00\",\"mainEntityOfPage\":{\"@id\":\"https:\/\/www.plaqueandgo.com\/blog\/toutes-les-couleurs-de-plaques-dimmatriculation-et-leur-histoire\/\"},\"wordCount\":1045,\"publisher\":{\"@id\":\"https:\/\/www.plaqueandgo.com\/blog\/#organization\"},\"articleSection\":[\"News\",\"Plaques d'immatriculation\"],\"inLanguage\":\"fr-FR\"},{\"@type\":\"WebPage\",\"@id\":\"https:\/\/www.plaqueandgo.com\/blog\/toutes-les-couleurs-de-plaques-dimmatriculation-et-leur-histoire\/\",\"url\":\"https:\/\/www.plaqueandgo.com\/blog\/toutes-les-couleurs-de-plaques-dimmatriculation-et-leur-histoire\/\",\"name\":\"Blog Plaque&amp;Go | Actualit\u00e9s de la plaque d&#039;immatriculation - Toutes les couleurs de plaques d\u2019immatriculation : signification, histoire et r\u00e9glementation\",\"isPartOf\":{\"@id\":\"https:\/\/www.plaqueandgo.com\/blog\/#website\"},\"datePublished\":\"2026-03-05T12:30:00+00:00\",\"dateModified\":\"2026-04-09T09:35:40+00:00\",\"description\":\"D\u00e9couvrez la signification des couleurs des plaques d\u2019immatriculation en France : blanc, jaune, vert, noir, rouge\u2026\",\"breadcrumb\":{\"@id\":\"https:\/\/www.plaqueandgo.com\/blog\/toutes-les-couleurs-de-plaques-dimmatriculation-et-leur-histoire\/#breadcrumb\"},\"inLanguage\":\"fr-FR\",\"potentialAction\":[{\"@type\":\"ReadAction\",\"target\":[\"https:\/\/www.plaqueandgo.com\/blog\/toutes-les-couleurs-de-plaques-dimmatriculation-et-leur-histoire\/\"]}]},{\"@type\":\"BreadcrumbList\",\"@id\":\"https:\/\/www.plaqueandgo.com\/blog\/toutes-les-couleurs-de-plaques-dimmatriculation-et-leur-histoire\/#breadcrumb\",\"itemListElement\":[{\"@type\":\"ListItem\",\"position\":1,\"name\":\"Actualit\u00e9 Plaque&amp;Go\",\"item\":\"https:\/\/www.plaqueandgo.com\/blog\/\"},{\"@type\":\"ListItem\",\"position\":2,\"name\":\"Toutes les couleurs de plaques d\u2019immatriculation : signification, histoire et r\u00e9glementation\"}]},{\"@type\":\"WebSite\",\"@id\":\"https:\/\/www.plaqueandgo.com\/blog\/#website\",\"url\":\"https:\/\/www.plaqueandgo.com\/blog\/\",\"name\":\"Blog Plaque&amp;Go | Actualit\u00e9s de la plaque d&#039;immatriculation\",\"description\":\"La plaque d&#039;immatriculation qui vous fait voyager\",\"publisher\":{\"@id\":\"https:\/\/www.plaqueandgo.com\/blog\/#organization\"},\"potentialAction\":[{\"@type\":\"SearchAction\",\"target\":{\"@type\":\"EntryPoint\",\"urlTemplate\":\"https:\/\/www.plaqueandgo.com\/blog\/?s={search_term_string}\"},\"query-input\":\"required name=search_term_string\"}],\"inLanguage\":\"fr-FR\"},{\"@type\":\"Organization\",\"@id\":\"https:\/\/www.plaqueandgo.com\/blog\/#organization\",\"name\":\"Plaque&Go\",\"url\":\"https:\/\/www.plaqueandgo.com\/blog\/\",\"logo\":{\"@type\":\"ImageObject\",\"inLanguage\":\"fr-FR\",\"@id\":\"https:\/\/www.plaqueandgo.com\/blog\/#\/schema\/logo\/image\/\",\"url\":\"https:\/\/www.plaqueandgo.com\/blog\/wp-content\/uploads\/2018\/05\/logo-plaque-and-go-mobile.svg\",\"contentUrl\":\"https:\/\/www.plaqueandgo.com\/blog\/wp-content\/uploads\/2018\/05\/logo-plaque-and-go-mobile.svg\",\"width\":406.061,\"height\":197.849,\"caption\":\"Plaque&Go\"},\"image\":{\"@id\":\"https:\/\/www.plaqueandgo.com\/blog\/#\/schema\/logo\/image\/\"},\"sameAs\":[\"https:\/\/www.facebook.com\/PlaqueandGoofficial\/\",\"https:\/\/twitter.com\/PlaqueandGo\",\"https:\/\/www.instagram.com\/plaqueandgo\/\",\"https:\/\/www.pinterest.fr\/PlaqueandGo\/\"]},{\"@type\":\"Person\",\"@id\":\"https:\/\/www.plaqueandgo.com\/blog\/#\/schema\/person\/9cd04b006673391596c63d6d4683fd1d\",\"name\":\"marketing faabfabricauto\",\"image\":{\"@type\":\"ImageObject\",\"inLanguage\":\"fr-FR\",\"@id\":\"https:\/\/www.plaqueandgo.com\/blog\/#\/schema\/person\/image\/\",\"url\":\"https:\/\/secure.gravatar.com\/avatar\/b280d886c60754a12a228834094c6d9e?s=96&d=mm&r=g\",\"contentUrl\":\"https:\/\/secure.gravatar.com\/avatar\/b280d886c60754a12a228834094c6d9e?s=96&d=mm&r=g\",\"caption\":\"marketing faabfabricauto\"},\"sameAs\":[\"http:\/\/marketing\"],\"url\":\"https:\/\/www.plaqueandgo.com\/blog\/author\/marketing\/\"}]}<\/script>\n<!-- \/ Yoast SEO plugin. -->","yoast_head_json":{"title":"Blog Plaque&amp;Go | Actualit\u00e9s de la plaque d&#039;immatriculation - Toutes les couleurs de plaques d\u2019immatriculation : signification, histoire et r\u00e9glementation","description":"D\u00e9couvrez la signification des couleurs des plaques d\u2019immatriculation en France : blanc, jaune, vert, noir, rouge\u2026","robots":{"index":"index","follow":"follow","max-snippet":"max-snippet:-1","max-image-preview":"max-image-preview:large","max-video-preview":"max-video-preview:-1"},"canonical":"https:\/\/www.plaqueandgo.com\/blog\/toutes-les-couleurs-de-plaques-dimmatriculation-et-leur-histoire\/","og_locale":"fr_FR","og_type":"article","og_title":"Blog Plaque&amp;Go | Actualit\u00e9s de la plaque d&#039;immatriculation - Toutes les couleurs de plaques d\u2019immatriculation : signification, histoire et r\u00e9glementation","og_description":"D\u00e9couvrez la signification des couleurs des plaques d\u2019immatriculation en France : blanc, jaune, vert, noir, rouge\u2026","og_url":"https:\/\/www.plaqueandgo.com\/blog\/toutes-les-couleurs-de-plaques-dimmatriculation-et-leur-histoire\/","og_site_name":"Blog Plaque&amp;Go | Actualit\u00e9s de la plaque d&#039;immatriculation","article_publisher":"https:\/\/www.facebook.com\/PlaqueandGoofficial\/","article_published_time":"2026-03-05T12:30:00+00:00","article_modified_time":"2026-04-09T09:35:40+00:00","og_image":[{"width":900,"height":600,"url":"https:\/\/www.plaqueandgo.com\/blog\/wp-content\/uploads\/2026\/03\/Voiture-argentee-sur-route-cotiere-1-900x600.png","type":"image\/png"}],"author":"marketing faabfabricauto","twitter_card":"summary_large_image","twitter_creator":"@PlaqueandGo","twitter_site":"@PlaqueandGo","twitter_misc":{"\u00c9crit par":"marketing faabfabricauto","Dur\u00e9e de lecture estim\u00e9e":"5 minutes"},"schema":{"@context":"https:\/\/schema.org","@graph":[{"@type":"Article","@id":"https:\/\/www.plaqueandgo.com\/blog\/toutes-les-couleurs-de-plaques-dimmatriculation-et-leur-histoire\/#article","isPartOf":{"@id":"https:\/\/www.plaqueandgo.com\/blog\/toutes-les-couleurs-de-plaques-dimmatriculation-et-leur-histoire\/"},"author":{"name":"marketing faabfabricauto","@id":"https:\/\/www.plaqueandgo.com\/blog\/#\/schema\/person\/9cd04b006673391596c63d6d4683fd1d"},"headline":"Toutes les couleurs de plaques d\u2019immatriculation : signification, histoire et r\u00e9glementation","datePublished":"2026-03-05T12:30:00+00:00","dateModified":"2026-04-09T09:35:40+00:00","mainEntityOfPage":{"@id":"https:\/\/www.plaqueandgo.com\/blog\/toutes-les-couleurs-de-plaques-dimmatriculation-et-leur-histoire\/"},"wordCount":1045,"publisher":{"@id":"https:\/\/www.plaqueandgo.com\/blog\/#organization"},"articleSection":["News","Plaques d'immatriculation"],"inLanguage":"fr-FR"},{"@type":"WebPage","@id":"https:\/\/www.plaqueandgo.com\/blog\/toutes-les-couleurs-de-plaques-dimmatriculation-et-leur-histoire\/","url":"https:\/\/www.plaqueandgo.com\/blog\/toutes-les-couleurs-de-plaques-dimmatriculation-et-leur-histoire\/","name":"Blog Plaque&amp;Go | Actualit\u00e9s de la plaque d&#039;immatriculation - Toutes les couleurs de plaques d\u2019immatriculation : signification, histoire et r\u00e9glementation","isPartOf":{"@id":"https:\/\/www.plaqueandgo.com\/blog\/#website"},"datePublished":"2026-03-05T12:30:00+00:00","dateModified":"2026-04-09T09:35:40+00:00","description":"D\u00e9couvrez la signification des couleurs des plaques d\u2019immatriculation en France : blanc, jaune, vert, noir, rouge\u2026","breadcrumb":{"@id":"https:\/\/www.plaqueandgo.com\/blog\/toutes-les-couleurs-de-plaques-dimmatriculation-et-leur-histoire\/#breadcrumb"},"inLanguage":"fr-FR","potentialAction":[{"@type":"ReadAction","target":["https:\/\/www.plaqueandgo.com\/blog\/toutes-les-couleurs-de-plaques-dimmatriculation-et-leur-histoire\/"]}]},{"@type":"BreadcrumbList","@id":"https:\/\/www.plaqueandgo.com\/blog\/toutes-les-couleurs-de-plaques-dimmatriculation-et-leur-histoire\/#breadcrumb","itemListElement":[{"@type":"ListItem","position":1,"name":"Actualit\u00e9 Plaque&amp;Go","item":"https:\/\/www.plaqueandgo.com\/blog\/"},{"@type":"ListItem","position":2,"name":"Toutes les couleurs de plaques d\u2019immatriculation : signification, histoire et r\u00e9glementation"}]},{"@type":"WebSite","@id":"https:\/\/www.plaqueandgo.com\/blog\/#website","url":"https:\/\/www.plaqueandgo.com\/blog\/","name":"Blog Plaque&amp;Go | Actualit\u00e9s de la plaque d&#039;immatriculation","description":"La plaque d&#039;immatriculation qui vous fait voyager","publisher":{"@id":"https:\/\/www.plaqueandgo.com\/blog\/#organization"},"potentialAction":[{"@type":"SearchAction","target":{"@type":"EntryPoint","urlTemplate":"https:\/\/www.plaqueandgo.com\/blog\/?s={search_term_string}"},"query-input":"required name=search_term_string"}],"inLanguage":"fr-FR"},{"@type":"Organization","@id":"https:\/\/www.plaqueandgo.com\/blog\/#organization","name":"Plaque&Go","url":"https:\/\/www.plaqueandgo.com\/blog\/","logo":{"@type":"ImageObject","inLanguage":"fr-FR","@id":"https:\/\/www.plaqueandgo.com\/blog\/#\/schema\/logo\/image\/","url":"https:\/\/www.plaqueandgo.com\/blog\/wp-content\/uploads\/2018\/05\/logo-plaque-and-go-mobile.svg","contentUrl":"https:\/\/www.plaqueandgo.com\/blog\/wp-content\/uploads\/2018\/05\/logo-plaque-and-go-mobile.svg","width":406.061,"height":197.849,"caption":"Plaque&Go"},"image":{"@id":"https:\/\/www.plaqueandgo.com\/blog\/#\/schema\/logo\/image\/"},"sameAs":["https:\/\/www.facebook.com\/PlaqueandGoofficial\/","https:\/\/twitter.com\/PlaqueandGo","https:\/\/www.instagram.com\/plaqueandgo\/","https:\/\/www.pinterest.fr\/PlaqueandGo\/"]},{"@type":"Person","@id":"https:\/\/www.plaqueandgo.com\/blog\/#\/schema\/person\/9cd04b006673391596c63d6d4683fd1d","name":"marketing faabfabricauto","image":{"@type":"ImageObject","inLanguage":"fr-FR","@id":"https:\/\/www.plaqueandgo.com\/blog\/#\/schema\/person\/image\/","url":"https:\/\/secure.gravatar.com\/avatar\/b280d886c60754a12a228834094c6d9e?s=96&d=mm&r=g","contentUrl":"https:\/\/secure.gravatar.com\/avatar\/b280d886c60754a12a228834094c6d9e?s=96&d=mm&r=g","caption":"marketing faabfabricauto"},"sameAs":["http:\/\/marketing"],"url":"https:\/\/www.plaqueandgo.com\/blog\/author\/marketing\/"}]}},"modified_by":"contact@plaqueandgo.com","jetpack_featured_media_url":"https:\/\/i0.wp.com\/www.plaqueandgo.com\/blog\/wp-content\/uploads\/2026\/03\/Voiture-argentee-sur-route-cotiere-1.png?fit=1536%2C1024&ssl=1","jetpack_sharing_enabled":true,"jetpack_likes_enabled":false,"_links":{"self":[{"href":"https:\/\/www.plaqueandgo.com\/blog\/wp-json\/wp\/v2\/posts\/7437"}],"collection":[{"href":"https:\/\/www.plaqueandgo.com\/blog\/wp-json\/wp\/v2\/posts"}],"about":[{"href":"https:\/\/www.plaqueandgo.com\/blog\/wp-json\/wp\/v2\/types\/post"}],"author":[{"embeddable":true,"href":"https:\/\/www.plaqueandgo.com\/blog\/wp-json\/wp\/v2\/users\/8"}],"replies":[{"embeddable":true,"href":"https:\/\/www.plaqueandgo.com\/blog\/wp-json\/wp\/v2\/comments?post=7437"}],"version-history":[{"count":4,"href":"https:\/\/www.plaqueandgo.com\/blog\/wp-json\/wp\/v2\/posts\/7437\/revisions"}],"predecessor-version":[{"id":7457,"href":"https:\/\/www.plaqueandgo.com\/blog\/wp-json\/wp\/v2\/posts\/7437\/revisions\/7457"}],"wp:featuredmedia":[{"embeddable":true,"href":"https:\/\/www.plaqueandgo.com\/blog\/wp-json\/wp\/v2\/media\/7456"}],"wp:attachment":[{"href":"https:\/\/www.plaqueandgo.com\/blog\/wp-json\/wp\/v2\/media?parent=7437"}],"wp:term":[{"taxonomy":"category","embeddable":true,"href":"https:\/\/www.plaqueandgo.com\/blog\/wp-json\/wp\/v2\/categories?post=7437"},{"taxonomy":"post_tag","embeddable":true,"href":"https:\/\/www.plaqueandgo.com\/blog\/wp-json\/wp\/v2\/tags?post=7437"}],"curies":[{"name":"wp","href":"https:\/\/api.w.org\/{rel}","templated":true}]}}