{"id":7266,"date":"2025-07-03T16:44:08","date_gmt":"2025-07-03T14:44:08","guid":{"rendered":"https:\/\/www.plaqueandgo.com\/blog\/?p=7266"},"modified":"2025-07-17T14:53:25","modified_gmt":"2025-07-17T12:53:25","slug":"forte-chaleur-quel-impact-sur-les-plaques-dimmatriculation","status":"publish","type":"post","link":"https:\/\/www.plaqueandgo.com\/blog\/forte-chaleur-quel-impact-sur-les-plaques-dimmatriculation\/","title":{"rendered":"Forte chaleur : quel impact sur les plaques d\u2019immatriculation ?"},"content":{"rendered":"\n<p>L\u2019\u00e9t\u00e9 s\u2019installe, et avec lui, les vagues de chaleur deviennent de plus en plus fr\u00e9quentes. Cette semaine, les temp\u00e9ratures ont d\u2019ailleurs atteint des sommets. Si vous pensez \u00e0 prot\u00e9ger votre moteur ou vos pneus, avez-vous envisag\u00e9 l&rsquo;impact de la chaleur sur vos plaques d\u2019immatriculation ? Chez&nbsp;<a href=\"https:\/\/www.plaqueandgo.com\/\">Plaque&amp;Go<\/a>, nous vous expliquons pourquoi&nbsp;le choix du mat\u00e9riau de vos plaques est crucial en p\u00e9riode de canicule. Vous verrez rapidement que les plaques d&rsquo;immatriculation en aluminium ou plastique n&rsquo;ont pas le m\u00eame comportement.<\/p>\n\n\n\n<h2 class=\"wp-block-heading\"><strong>La chaleur, un ennemi discret mais un impact r\u00e9el<\/strong> <strong>pour les plaques<\/strong><\/h2>\n\n\n\n<p>En plein soleil, la carrosserie d\u2019un v\u00e9hicule peut atteindre&nbsp;<strong>plus de 50\u00b0C<\/strong>, voire&nbsp;<strong>70\u00b0C<\/strong>&nbsp;dans certaines r\u00e9gions du sud. Cette chaleur intense peut :<\/p>\n\n\n\n<ul>\n<li><strong>D\u00e9former<\/strong>&nbsp;les mat\u00e9riaux sensibles,<\/li>\n\n\n\n<li><strong>Alt\u00e9rer<\/strong>&nbsp;les couleurs ou le film r\u00e9tro-r\u00e9fl\u00e9chissant des plaques d\u2019immatriculation.<\/li>\n\n\n\n<li><strong>D\u00e9coller<\/strong>&nbsp;les \u00e9l\u00e9ments imprim\u00e9s et coll\u00e9s de vos plaques (support, film, \u2026).<\/li>\n<\/ul>\n\n\n\n<p>En bref, \u00e0 la chaleur, une plaque peut gondoler, jaunir ou devenir illisible\u2026 et \u00e7a, c\u2019est non seulement inesth\u00e9tique, mais aussi et surtout&nbsp;<strong>ill\u00e9gal<\/strong>.<\/p>\n\n\n\n<h2 class=\"wp-block-heading\"><strong>Aluminium vs plastique : quel impact ?<\/strong><\/h2>\n\n\n\n<p><strong>Plaque en aluminium<\/strong><\/p>\n\n\n\n<ul>\n<li><strong>R\u00e9sistance thermique<\/strong>&nbsp;: excellente, ne se d\u00e9forme pas.<\/li>\n\n\n\n<li><strong>Stabilit\u00e9 UV<\/strong>&nbsp;: tr\u00e8s bonne, surtout avec un vernis protecteur.<\/li>\n\n\n\n<li><strong>Durabilit\u00e9<\/strong>&nbsp;: longue dur\u00e9e de vie, mat\u00e9riau recyclable \u00e0 100 %.<\/li>\n\n\n\n<li><strong>Esth\u00e9tique<\/strong>&nbsp;: finition mate ou brillante, sobre et \u00e9l\u00e9gante.<\/li>\n\n\n\n<li><strong>\u00c9cologie<\/strong>&nbsp;: impact environnemental r\u00e9duit, recyclable \u00e0 l\u2019infini et valorisable.<\/li>\n<\/ul>\n\n\n\n<p><strong>Plaque en plastique<\/strong><\/p>\n\n\n\n<ul>\n<li><strong>R\u00e9sistance thermique<\/strong>&nbsp;: bonne, mais peut se dilater l\u00e9g\u00e8rement.<\/li>\n\n\n\n<li><strong>Stabilit\u00e9 UV<\/strong>&nbsp;: correcte, mais risque de jaunissement \u00e0 long terme.<\/li>\n\n\n\n<li><strong>Durabilit\u00e9<\/strong>&nbsp;: r\u00e9sistante aux chocs, mais moins stable dans le temps.<\/li>\n\n\n\n<li><strong>Esth\u00e9tique<\/strong>&nbsp;: finition lisse et brillante, 100% personnalisable.<\/li>\n\n\n\n<li><strong>\u00c9cologie<\/strong>&nbsp;: recyclable partiellement, g\u00e9n\u00e9ralement incin\u00e9r\u00e9e.<\/li>\n<\/ul>\n\n\n\n<h2 class=\"wp-block-heading\"><strong>Ce que disent les \u00e9tudes<\/strong><\/h2>\n\n\n\n<p>Une \u00e9tude ind\u00e9pendante men\u00e9e par la soci\u00e9t\u00e9 de conseil&nbsp;<strong><a href=\"https:\/\/sphera.com\/company\/news\/sphera-completes-acquisition-of-thinkstep\/\">ThinkStep&nbsp;<\/a><\/strong>(Groupe Sph\u00e9ra) a r\u00e9v\u00e9l\u00e9 que l\u2019impact environnemental d\u2019une plaque en aluminium est&nbsp;<strong>71 % inf\u00e9rieur<\/strong>&nbsp;\u00e0 celui d\u2019une plaque en plastique. Ainsi, en plus d\u2019\u00eatre plus stable \u00e0 la chaleur, l\u2019aluminium est donc&nbsp;<strong>plus respectueux de l\u2019environnement<\/strong>.<\/p>\n\n\n\n<h2 class=\"wp-block-heading\"><strong>Nos recommandations Plaque&amp;Go<\/strong><\/h2>\n\n\n\n<figure class=\"wp-block-table\"><table><thead><tr><td><strong>Situation<\/strong><strong><\/strong><\/td><td><strong>Mat\u00e9riau recommand\u00e9<\/strong><strong><\/strong><\/td><\/tr><\/thead><tbody><tr><td>Exposition prolong\u00e9e au soleil<\/td><td>\u2705 <a href=\"https:\/\/www.plaqueandgo.com\/plaque-immatriculation-auto-aluminium-standard-1.html\">Plaque Aluminium<\/a> ou <a href=\"https:\/\/www.plaqueandgo.com\/plaque-immatriculation-voiture-ecologique-22.html\">la plaque Ecologique Plaque&amp;Go<\/a><\/td><\/tr><tr><td>Recherche d\u2019un rendu esth\u00e9tique lisse et brillant<\/td><td>\u2705 <a href=\"https:\/\/www.plaqueandgo.com\/plaque-immatriculation-auto-plexiglas-standard-4.html\">Plaque Plastique<\/a> ou &nbsp;<a href=\"https:\/\/www.plaqueandgo.com\/plaque-immatriculation-voiture-ecologique-22.html\">la plaque Ecologique Plaque&amp;Go<\/a><\/td><\/tr><tr><td>Conduite en r\u00e9gion chaude ou en \u00e9t\u00e9<\/td><td>\u2705 <a href=\"https:\/\/www.plaqueandgo.com\/plaque-immatriculation-auto-aluminium-standard-1.html\">Plaque Aluminium<\/a> ou <a href=\"https:\/\/www.plaqueandgo.com\/plaque-immatriculation-voiture-ecologique-22.html\">la plaque Ecologique Plaque&amp;Go<\/a><\/td><\/tr><tr><td>Choix \u00e9coresponsable<\/td><td>\u2705 <a href=\"https:\/\/www.plaqueandgo.com\/plaque-immatriculation-auto-aluminium-standard-1.html\">Plaque Aluminium<\/a> ou <a href=\"https:\/\/www.plaqueandgo.com\/plaque-immatriculation-voiture-ecologique-22.html\">la plaque Ecologique Plaque&amp;Go<\/a><\/td><\/tr><\/tbody><\/table><\/figure>\n\n\n\n<h2 class=\"wp-block-heading\">En conclusion<\/h2>\n\n\n\n<p>Si vous cherchez une plaque&nbsp;<strong>durable, r\u00e9sistante \u00e0 la chaleur et \u00e9coresponsable<\/strong>, l\u2019aluminium est votre meilleur alli\u00e9. Pour un rendu plus&nbsp;<strong>design et personnalisable<\/strong>, le plastique reste une option int\u00e9ressante, \u00e0 condition de ne pas trop l\u2019exposer au soleil.<\/p>\n\n\n\n<p><strong>D\u00e9couvrez notre s\u00e9lection :<\/strong><\/p>\n\n\n\n<p><a href=\"https:\/\/www.plaqueandgo.com\/plaque-immatriculation-auto-1\">Plaques immatriculation voiture<\/a><\/p>\n\n\n\n<p><a href=\"https:\/\/www.plaqueandgo.com\/plaque-immatriculation-moto-et-cyclo-5\">Plaques Moto<\/a><\/p>\n\n\n\n<p><a href=\"https:\/\/www.plaqueandgo.com\/plaque-immatriculation-4x4-et-utilitaires-8\">Plaques 4&#215;4 et utilitaires<\/a><\/p>\n","protected":false},"excerpt":{"rendered":"<p>L\u2019\u00e9t\u00e9 s\u2019installe, et avec lui, les vagues de chaleur deviennent de plus en plus fr\u00e9quentes. Cette semaine, les temp\u00e9ratures ont d\u2019ailleurs atteint des sommets. Si vous pensez \u00e0 prot\u00e9ger votre moteur<\/p>\n\t\t<div class=\"more-link-holder\">\n\t\t\t<a class=\"more-link ghost-button-link\" href=\"https:\/\/www.plaqueandgo.com\/blog\/forte-chaleur-quel-impact-sur-les-plaques-dimmatriculation\/\">Lire la suite<\/a>\n\t\t<\/div>","protected":false},"author":1,"featured_media":7269,"comment_status":"closed","ping_status":"open","sticky":false,"template":"","format":"standard","meta":{"_lmt_disableupdate":"","_lmt_disable":"","jetpack_publicize_message":"","jetpack_is_tweetstorm":false,"jetpack_publicize_feature_enabled":true,"jetpack_social_post_already_shared":true,"jetpack_social_options":{"image_generator_settings":{"template":"highway","enabled":false}}},"categories":[2,83],"tags":[],"jetpack_publicize_connections":[],"yoast_head":"<!-- This site is optimized with the Yoast SEO plugin v21.7 - https:\/\/yoast.com\/wordpress\/plugins\/seo\/ -->\n<title>Forte chaleur : quel impact sur les plaques d\u2019immatriculation ? - Blog Plaque&amp;Go | Actualit\u00e9s de la plaque d&#039;immatriculation<\/title>\n<meta name=\"description\" content=\"D\u00e9couvrez comment la chaleur impacte vos plaques d\u2019immatriculation et l&#039;importance du choix du mat\u00e9riau en p\u00e9riode de canicule.\" \/>\n<meta name=\"robots\" content=\"index, follow, max-snippet:-1, max-image-preview:large, max-video-preview:-1\" \/>\n<link rel=\"canonical\" href=\"https:\/\/www.plaqueandgo.com\/blog\/forte-chaleur-quel-impact-sur-les-plaques-dimmatriculation\/\" \/>\n<meta property=\"og:locale\" content=\"fr_FR\" \/>\n<meta property=\"og:type\" content=\"article\" \/>\n<meta property=\"og:title\" content=\"Forte chaleur : quel impact sur les plaques d\u2019immatriculation ? - Blog Plaque&amp;Go | Actualit\u00e9s de la plaque d&#039;immatriculation\" \/>\n<meta property=\"og:description\" content=\"D\u00e9couvrez comment la chaleur impacte vos plaques d\u2019immatriculation et l&#039;importance du choix du mat\u00e9riau en p\u00e9riode de canicule.\" \/>\n<meta property=\"og:url\" content=\"https:\/\/www.plaqueandgo.com\/blog\/forte-chaleur-quel-impact-sur-les-plaques-dimmatriculation\/\" \/>\n<meta property=\"og:site_name\" content=\"Blog Plaque&amp;Go | Actualit\u00e9s de la plaque d&#039;immatriculation\" \/>\n<meta property=\"article:publisher\" content=\"https:\/\/www.facebook.com\/PlaqueandGoofficial\/\" \/>\n<meta property=\"article:published_time\" content=\"2025-07-03T14:44:08+00:00\" \/>\n<meta property=\"article:modified_time\" content=\"2025-07-17T12:53:25+00:00\" \/>\n<meta property=\"og:image\" content=\"https:\/\/www.plaqueandgo.com\/blog\/wp-content\/uploads\/2025\/07\/Blog-PG-Plaques-chaleur.png\" \/>\n\t<meta property=\"og:image:width\" content=\"2048\" \/>\n\t<meta property=\"og:image:height\" content=\"1152\" \/>\n\t<meta property=\"og:image:type\" content=\"image\/png\" \/>\n<meta name=\"author\" content=\"contact@plaqueandgo.com\" \/>\n<meta name=\"twitter:card\" content=\"summary_large_image\" \/>\n<meta name=\"twitter:creator\" content=\"@PlaqueandGo\" \/>\n<meta name=\"twitter:site\" content=\"@PlaqueandGo\" \/>\n<meta name=\"twitter:label1\" content=\"\u00c9crit par\" \/>\n\t<meta name=\"twitter:data1\" content=\"contact@plaqueandgo.com\" \/>\n\t<meta name=\"twitter:label2\" content=\"Dur\u00e9e de lecture estim\u00e9e\" \/>\n\t<meta name=\"twitter:data2\" content=\"3 minutes\" \/>\n<script type=\"application\/ld+json\" class=\"yoast-schema-graph\">{\"@context\":\"https:\/\/schema.org\",\"@graph\":[{\"@type\":\"Article\",\"@id\":\"https:\/\/www.plaqueandgo.com\/blog\/forte-chaleur-quel-impact-sur-les-plaques-dimmatriculation\/#article\",\"isPartOf\":{\"@id\":\"https:\/\/www.plaqueandgo.com\/blog\/forte-chaleur-quel-impact-sur-les-plaques-dimmatriculation\/\"},\"author\":{\"name\":\"contact@plaqueandgo.com\",\"@id\":\"https:\/\/www.plaqueandgo.com\/blog\/#\/schema\/person\/8f660191d6588947cd34d88ebca4b04b\"},\"headline\":\"Forte chaleur : quel impact sur les plaques d\u2019immatriculation ?\",\"datePublished\":\"2025-07-03T14:44:08+00:00\",\"dateModified\":\"2025-07-17T12:53:25+00:00\",\"mainEntityOfPage\":{\"@id\":\"https:\/\/www.plaqueandgo.com\/blog\/forte-chaleur-quel-impact-sur-les-plaques-dimmatriculation\/\"},\"wordCount\":520,\"publisher\":{\"@id\":\"https:\/\/www.plaqueandgo.com\/blog\/#organization\"},\"articleSection\":[\"News\",\"Plaques d'immatriculation\"],\"inLanguage\":\"fr-FR\"},{\"@type\":\"WebPage\",\"@id\":\"https:\/\/www.plaqueandgo.com\/blog\/forte-chaleur-quel-impact-sur-les-plaques-dimmatriculation\/\",\"url\":\"https:\/\/www.plaqueandgo.com\/blog\/forte-chaleur-quel-impact-sur-les-plaques-dimmatriculation\/\",\"name\":\"Forte chaleur : quel impact sur les plaques d\u2019immatriculation ? - Blog Plaque&amp;Go | Actualit\u00e9s de la plaque d&#039;immatriculation\",\"isPartOf\":{\"@id\":\"https:\/\/www.plaqueandgo.com\/blog\/#website\"},\"datePublished\":\"2025-07-03T14:44:08+00:00\",\"dateModified\":\"2025-07-17T12:53:25+00:00\",\"description\":\"D\u00e9couvrez comment la chaleur impacte vos plaques d\u2019immatriculation et l'importance du choix du mat\u00e9riau en p\u00e9riode de canicule.\",\"breadcrumb\":{\"@id\":\"https:\/\/www.plaqueandgo.com\/blog\/forte-chaleur-quel-impact-sur-les-plaques-dimmatriculation\/#breadcrumb\"},\"inLanguage\":\"fr-FR\",\"potentialAction\":[{\"@type\":\"ReadAction\",\"target\":[\"https:\/\/www.plaqueandgo.com\/blog\/forte-chaleur-quel-impact-sur-les-plaques-dimmatriculation\/\"]}]},{\"@type\":\"BreadcrumbList\",\"@id\":\"https:\/\/www.plaqueandgo.com\/blog\/forte-chaleur-quel-impact-sur-les-plaques-dimmatriculation\/#breadcrumb\",\"itemListElement\":[{\"@type\":\"ListItem\",\"position\":1,\"name\":\"Actualit\u00e9 Plaque&amp;Go\",\"item\":\"https:\/\/www.plaqueandgo.com\/blog\/\"},{\"@type\":\"ListItem\",\"position\":2,\"name\":\"Forte chaleur : quel impact sur les plaques d\u2019immatriculation ?\"}]},{\"@type\":\"WebSite\",\"@id\":\"https:\/\/www.plaqueandgo.com\/blog\/#website\",\"url\":\"https:\/\/www.plaqueandgo.com\/blog\/\",\"name\":\"Blog Plaque&amp;Go | Actualit\u00e9s de la plaque d&#039;immatriculation\",\"description\":\"La plaque d&#039;immatriculation qui vous fait voyager\",\"publisher\":{\"@id\":\"https:\/\/www.plaqueandgo.com\/blog\/#organization\"},\"potentialAction\":[{\"@type\":\"SearchAction\",\"target\":{\"@type\":\"EntryPoint\",\"urlTemplate\":\"https:\/\/www.plaqueandgo.com\/blog\/?s={search_term_string}\"},\"query-input\":\"required name=search_term_string\"}],\"inLanguage\":\"fr-FR\"},{\"@type\":\"Organization\",\"@id\":\"https:\/\/www.plaqueandgo.com\/blog\/#organization\",\"name\":\"Plaque&Go\",\"url\":\"https:\/\/www.plaqueandgo.com\/blog\/\",\"logo\":{\"@type\":\"ImageObject\",\"inLanguage\":\"fr-FR\",\"@id\":\"https:\/\/www.plaqueandgo.com\/blog\/#\/schema\/logo\/image\/\",\"url\":\"https:\/\/www.plaqueandgo.com\/blog\/wp-content\/uploads\/2018\/05\/logo-plaque-and-go-mobile.svg\",\"contentUrl\":\"https:\/\/www.plaqueandgo.com\/blog\/wp-content\/uploads\/2018\/05\/logo-plaque-and-go-mobile.svg\",\"width\":406.061,\"height\":197.849,\"caption\":\"Plaque&Go\"},\"image\":{\"@id\":\"https:\/\/www.plaqueandgo.com\/blog\/#\/schema\/logo\/image\/\"},\"sameAs\":[\"https:\/\/www.facebook.com\/PlaqueandGoofficial\/\",\"https:\/\/twitter.com\/PlaqueandGo\",\"https:\/\/www.instagram.com\/plaqueandgo\/\",\"https:\/\/www.pinterest.fr\/PlaqueandGo\/\"]},{\"@type\":\"Person\",\"@id\":\"https:\/\/www.plaqueandgo.com\/blog\/#\/schema\/person\/8f660191d6588947cd34d88ebca4b04b\",\"name\":\"contact@plaqueandgo.com\",\"image\":{\"@type\":\"ImageObject\",\"inLanguage\":\"fr-FR\",\"@id\":\"https:\/\/www.plaqueandgo.com\/blog\/#\/schema\/person\/image\/\",\"url\":\"https:\/\/secure.gravatar.com\/avatar\/16406858407f02e00d0bc01de8d32f71?s=96&d=mm&r=g\",\"contentUrl\":\"https:\/\/secure.gravatar.com\/avatar\/16406858407f02e00d0bc01de8d32f71?s=96&d=mm&r=g\",\"caption\":\"contact@plaqueandgo.com\"},\"url\":\"https:\/\/www.plaqueandgo.com\/blog\/author\/admindedi-agency-com\/\"}]}<\/script>\n<!-- \/ Yoast SEO plugin. -->","yoast_head_json":{"title":"Forte chaleur : quel impact sur les plaques d\u2019immatriculation ? - Blog Plaque&amp;Go | Actualit\u00e9s de la plaque d&#039;immatriculation","description":"D\u00e9couvrez comment la chaleur impacte vos plaques d\u2019immatriculation et l'importance du choix du mat\u00e9riau en p\u00e9riode de canicule.","robots":{"index":"index","follow":"follow","max-snippet":"max-snippet:-1","max-image-preview":"max-image-preview:large","max-video-preview":"max-video-preview:-1"},"canonical":"https:\/\/www.plaqueandgo.com\/blog\/forte-chaleur-quel-impact-sur-les-plaques-dimmatriculation\/","og_locale":"fr_FR","og_type":"article","og_title":"Forte chaleur : quel impact sur les plaques d\u2019immatriculation ? - Blog Plaque&amp;Go | Actualit\u00e9s de la plaque d&#039;immatriculation","og_description":"D\u00e9couvrez comment la chaleur impacte vos plaques d\u2019immatriculation et l'importance du choix du mat\u00e9riau en p\u00e9riode de canicule.","og_url":"https:\/\/www.plaqueandgo.com\/blog\/forte-chaleur-quel-impact-sur-les-plaques-dimmatriculation\/","og_site_name":"Blog Plaque&amp;Go | Actualit\u00e9s de la plaque d&#039;immatriculation","article_publisher":"https:\/\/www.facebook.com\/PlaqueandGoofficial\/","article_published_time":"2025-07-03T14:44:08+00:00","article_modified_time":"2025-07-17T12:53:25+00:00","og_image":[{"width":2048,"height":1152,"url":"https:\/\/www.plaqueandgo.com\/blog\/wp-content\/uploads\/2025\/07\/Blog-PG-Plaques-chaleur.png","type":"image\/png"}],"author":"contact@plaqueandgo.com","twitter_card":"summary_large_image","twitter_creator":"@PlaqueandGo","twitter_site":"@PlaqueandGo","twitter_misc":{"\u00c9crit par":"contact@plaqueandgo.com","Dur\u00e9e de lecture estim\u00e9e":"3 minutes"},"schema":{"@context":"https:\/\/schema.org","@graph":[{"@type":"Article","@id":"https:\/\/www.plaqueandgo.com\/blog\/forte-chaleur-quel-impact-sur-les-plaques-dimmatriculation\/#article","isPartOf":{"@id":"https:\/\/www.plaqueandgo.com\/blog\/forte-chaleur-quel-impact-sur-les-plaques-dimmatriculation\/"},"author":{"name":"contact@plaqueandgo.com","@id":"https:\/\/www.plaqueandgo.com\/blog\/#\/schema\/person\/8f660191d6588947cd34d88ebca4b04b"},"headline":"Forte chaleur : quel impact sur les plaques d\u2019immatriculation ?","datePublished":"2025-07-03T14:44:08+00:00","dateModified":"2025-07-17T12:53:25+00:00","mainEntityOfPage":{"@id":"https:\/\/www.plaqueandgo.com\/blog\/forte-chaleur-quel-impact-sur-les-plaques-dimmatriculation\/"},"wordCount":520,"publisher":{"@id":"https:\/\/www.plaqueandgo.com\/blog\/#organization"},"articleSection":["News","Plaques d'immatriculation"],"inLanguage":"fr-FR"},{"@type":"WebPage","@id":"https:\/\/www.plaqueandgo.com\/blog\/forte-chaleur-quel-impact-sur-les-plaques-dimmatriculation\/","url":"https:\/\/www.plaqueandgo.com\/blog\/forte-chaleur-quel-impact-sur-les-plaques-dimmatriculation\/","name":"Forte chaleur : quel impact sur les plaques d\u2019immatriculation ? - Blog Plaque&amp;Go | Actualit\u00e9s de la plaque d&#039;immatriculation","isPartOf":{"@id":"https:\/\/www.plaqueandgo.com\/blog\/#website"},"datePublished":"2025-07-03T14:44:08+00:00","dateModified":"2025-07-17T12:53:25+00:00","description":"D\u00e9couvrez comment la chaleur impacte vos plaques d\u2019immatriculation et l'importance du choix du mat\u00e9riau en p\u00e9riode de canicule.","breadcrumb":{"@id":"https:\/\/www.plaqueandgo.com\/blog\/forte-chaleur-quel-impact-sur-les-plaques-dimmatriculation\/#breadcrumb"},"inLanguage":"fr-FR","potentialAction":[{"@type":"ReadAction","target":["https:\/\/www.plaqueandgo.com\/blog\/forte-chaleur-quel-impact-sur-les-plaques-dimmatriculation\/"]}]},{"@type":"BreadcrumbList","@id":"https:\/\/www.plaqueandgo.com\/blog\/forte-chaleur-quel-impact-sur-les-plaques-dimmatriculation\/#breadcrumb","itemListElement":[{"@type":"ListItem","position":1,"name":"Actualit\u00e9 Plaque&amp;Go","item":"https:\/\/www.plaqueandgo.com\/blog\/"},{"@type":"ListItem","position":2,"name":"Forte chaleur : quel impact sur les plaques d\u2019immatriculation ?"}]},{"@type":"WebSite","@id":"https:\/\/www.plaqueandgo.com\/blog\/#website","url":"https:\/\/www.plaqueandgo.com\/blog\/","name":"Blog Plaque&amp;Go | Actualit\u00e9s de la plaque d&#039;immatriculation","description":"La plaque d&#039;immatriculation qui vous fait voyager","publisher":{"@id":"https:\/\/www.plaqueandgo.com\/blog\/#organization"},"potentialAction":[{"@type":"SearchAction","target":{"@type":"EntryPoint","urlTemplate":"https:\/\/www.plaqueandgo.com\/blog\/?s={search_term_string}"},"query-input":"required name=search_term_string"}],"inLanguage":"fr-FR"},{"@type":"Organization","@id":"https:\/\/www.plaqueandgo.com\/blog\/#organization","name":"Plaque&Go","url":"https:\/\/www.plaqueandgo.com\/blog\/","logo":{"@type":"ImageObject","inLanguage":"fr-FR","@id":"https:\/\/www.plaqueandgo.com\/blog\/#\/schema\/logo\/image\/","url":"https:\/\/www.plaqueandgo.com\/blog\/wp-content\/uploads\/2018\/05\/logo-plaque-and-go-mobile.svg","contentUrl":"https:\/\/www.plaqueandgo.com\/blog\/wp-content\/uploads\/2018\/05\/logo-plaque-and-go-mobile.svg","width":406.061,"height":197.849,"caption":"Plaque&Go"},"image":{"@id":"https:\/\/www.plaqueandgo.com\/blog\/#\/schema\/logo\/image\/"},"sameAs":["https:\/\/www.facebook.com\/PlaqueandGoofficial\/","https:\/\/twitter.com\/PlaqueandGo","https:\/\/www.instagram.com\/plaqueandgo\/","https:\/\/www.pinterest.fr\/PlaqueandGo\/"]},{"@type":"Person","@id":"https:\/\/www.plaqueandgo.com\/blog\/#\/schema\/person\/8f660191d6588947cd34d88ebca4b04b","name":"contact@plaqueandgo.com","image":{"@type":"ImageObject","inLanguage":"fr-FR","@id":"https:\/\/www.plaqueandgo.com\/blog\/#\/schema\/person\/image\/","url":"https:\/\/secure.gravatar.com\/avatar\/16406858407f02e00d0bc01de8d32f71?s=96&d=mm&r=g","contentUrl":"https:\/\/secure.gravatar.com\/avatar\/16406858407f02e00d0bc01de8d32f71?s=96&d=mm&r=g","caption":"contact@plaqueandgo.com"},"url":"https:\/\/www.plaqueandgo.com\/blog\/author\/admindedi-agency-com\/"}]}},"modified_by":"contact@plaqueandgo.com","jetpack_featured_media_url":"https:\/\/i0.wp.com\/www.plaqueandgo.com\/blog\/wp-content\/uploads\/2025\/07\/Blog-PG-Plaques-chaleur.png?fit=2048%2C1152&ssl=1","jetpack_sharing_enabled":true,"jetpack_likes_enabled":false,"_links":{"self":[{"href":"https:\/\/www.plaqueandgo.com\/blog\/wp-json\/wp\/v2\/posts\/7266"}],"collection":[{"href":"https:\/\/www.plaqueandgo.com\/blog\/wp-json\/wp\/v2\/posts"}],"about":[{"href":"https:\/\/www.plaqueandgo.com\/blog\/wp-json\/wp\/v2\/types\/post"}],"author":[{"embeddable":true,"href":"https:\/\/www.plaqueandgo.com\/blog\/wp-json\/wp\/v2\/users\/1"}],"replies":[{"embeddable":true,"href":"https:\/\/www.plaqueandgo.com\/blog\/wp-json\/wp\/v2\/comments?post=7266"}],"version-history":[{"count":6,"href":"https:\/\/www.plaqueandgo.com\/blog\/wp-json\/wp\/v2\/posts\/7266\/revisions"}],"predecessor-version":[{"id":7276,"href":"https:\/\/www.plaqueandgo.com\/blog\/wp-json\/wp\/v2\/posts\/7266\/revisions\/7276"}],"wp:featuredmedia":[{"embeddable":true,"href":"https:\/\/www.plaqueandgo.com\/blog\/wp-json\/wp\/v2\/media\/7269"}],"wp:attachment":[{"href":"https:\/\/www.plaqueandgo.com\/blog\/wp-json\/wp\/v2\/media?parent=7266"}],"wp:term":[{"taxonomy":"category","embeddable":true,"href":"https:\/\/www.plaqueandgo.com\/blog\/wp-json\/wp\/v2\/categories?post=7266"},{"taxonomy":"post_tag","embeddable":true,"href":"https:\/\/www.plaqueandgo.com\/blog\/wp-json\/wp\/v2\/tags?post=7266"}],"curies":[{"name":"wp","href":"https:\/\/api.w.org\/{rel}","templated":true}]}}