{"id":7223,"date":"2025-04-30T10:30:00","date_gmt":"2025-04-30T08:30:00","guid":{"rendered":"https:\/\/www.plaqueandgo.com\/blog\/?p=7223"},"modified":"2025-05-13T12:03:41","modified_gmt":"2025-05-13T10:03:41","slug":"transition-energetique-automobile","status":"publish","type":"post","link":"https:\/\/www.plaqueandgo.com\/blog\/transition-energetique-automobile\/","title":{"rendered":"La transition vers les \u00e9nergies renouvelables dans l&rsquo;automobile"},"content":{"rendered":"\n<p>Depuis plusieurs ann\u00e9es, l&rsquo;industrie automobile vit une profonde transformation. Sous la pression des enjeux climatiques, des<a href=\"https:\/\/www.ecologie.gouv.fr\/politiques-publiques\/verdissement-du-parc-automobile\"> r\u00e9glementations environnementales<\/a> et des attentes des consommateurs, le secteur amorce une <strong>transition \u00e9nerg\u00e9tique automobile<\/strong> majeure : passer des \u00e9nergies fossiles aux \u00e9nergies renouvelables.<\/p>\n\n\n\n<h2 class=\"wp-block-heading\"><strong>Une r\u00e9volution n\u00e9cessaire<\/strong><\/h2>\n\n\n\n<p>Le transport est aujourd&rsquo;hui l&rsquo;un des principaux \u00e9metteurs de gaz \u00e0 effet de serre dans le monde. Pour limiter le r\u00e9chauffement climatique, r\u00e9duire les \u00e9missions de CO\u2082 est devenu une priorit\u00e9. Cette n\u00e9cessit\u00e9 a pouss\u00e9 les constructeurs automobiles \u00e0 repenser enti\u00e8rement leurs mod\u00e8les : d\u00e9veloppement de v\u00e9hicules \u00e9lectriques, hybrides, \u00e0 hydrog\u00e8ne, et m\u00eame de carburants alternatifs issus de sources renouvelables (comme les biocarburants).<\/p>\n\n\n\n<h2 class=\"wp-block-heading\"><strong>L&rsquo;essor des v\u00e9hicules \u00e9lectriques et \u00e0 hydrog\u00e8ne<\/strong><\/h2>\n\n\n\n<p>Le v\u00e9hicule \u00e9lectrique est sans doute la figure de proue de cette transition. Fonctionnant gr\u00e2ce \u00e0 des batteries rechargeables, il permet de rouler sans \u00e9mission directe de CO\u2082. De nombreux pays encouragent aujourd&rsquo;hui leur adoption gr\u00e2ce \u00e0 des aides financi\u00e8res, des infrastructures de recharge toujours plus d\u00e9velopp\u00e9es et des zones urbaines r\u00e9serv\u00e9es aux v\u00e9hicules \u00ab propres \u00bb.<\/p>\n\n\n\n<p>Parall\u00e8lement, la technologie de l&rsquo;hydrog\u00e8ne progresse. L&rsquo;hydrog\u00e8ne vert, produit \u00e0 partir d&rsquo;\u00e9nergies renouvelables, offre l&rsquo;avantage d&rsquo;un temps de recharge rapide et d&rsquo;une autonomie \u00e9lev\u00e9e, ce qui en fait une solution particuli\u00e8rement prometteuse pour les poids lourds et les longues distances.<\/p>\n\n\n\n<h2 class=\"wp-block-heading\"><strong>Un changement qui concerne aussi l&rsquo;immatriculation<\/strong><\/h2>\n\n\n\n<p>Chez Plaque &amp; Go, nous suivons cette transition avec attention. C&rsquo;est pourquoi nous proposons aussi des solutions adapt\u00e9es aux v\u00e9hicules \u00e9cologiques. Notre <strong><a href=\"https:\/\/www.plaqueandgo.com\/plaque-immatriculation-voiture-ecologique-22.html\">plaque d&rsquo;immatriculation \u00e9cologique<\/a><\/strong> est fabriqu\u00e9e \u00e0 partir de mat\u00e9riaux recycl\u00e9s et recyclables, tout en respectant les normes l\u00e9gales en vigueur. Un choix id\u00e9al pour accompagner votre d\u00e9marche \u00e9coresponsable jusque dans les moindres d\u00e9tails.<\/p>\n\n\n\n<h2 class=\"wp-block-heading\"><strong>Vers une mobilit\u00e9 plus verte<\/strong><\/h2>\n\n\n\n<p>Bien s\u00fbr, cette transition demande encore du temps. La production d&rsquo;\u00e9lectricit\u00e9 verte doit continuer de se d\u00e9velopper. Tout comme le recyclage des batteries et l&rsquo;optimisation des proc\u00e9d\u00e9s de fabrication des v\u00e9hicules. Mais les avanc\u00e9es sont r\u00e9elles, et l&rsquo;engagement des acteurs du secteur automobile montre que la mobilit\u00e9 de demain sera plus propre, plus durable, et plus respectueuse de notre environnement.<\/p>\n\n\n\n<p>La <strong>transition \u00e9nerg\u00e9tique automobile<\/strong> s&rsquo;acc\u00e9l\u00e8re, port\u00e9e par l&rsquo;essor des \u00e9nergies renouvelables et l&rsquo;innovation des constructeurs. Chez Plaque &amp; Go, nous soutenons cette \u00e9volution avec des solutions responsables, comme notre <a class=\"\">plaque d&rsquo;immatriculation \u00e9cologique<\/a>. Ensemble, avan\u00e7ons vers une mobilit\u00e9 plus durable.<\/p>\n","protected":false},"excerpt":{"rendered":"<p>Depuis plusieurs ann\u00e9es, l&rsquo;industrie automobile vit une profonde transformation. Sous la pression des enjeux climatiques, des r\u00e9glementations environnementales et des attentes des consommateurs, le secteur amorce une transition \u00e9nerg\u00e9tique automobile majeure<\/p>\n\t\t<div class=\"more-link-holder\">\n\t\t\t<a class=\"more-link ghost-button-link\" href=\"https:\/\/www.plaqueandgo.com\/blog\/transition-energetique-automobile\/\">Lire la suite<\/a>\n\t\t<\/div>","protected":false},"author":1,"featured_media":7225,"comment_status":"closed","ping_status":"open","sticky":false,"template":"","format":"standard","meta":{"_lmt_disableupdate":"","_lmt_disable":"","jetpack_publicize_message":"","jetpack_is_tweetstorm":false,"jetpack_publicize_feature_enabled":true,"jetpack_social_post_already_shared":true,"jetpack_social_options":{"image_generator_settings":{"template":"highway","enabled":false}}},"categories":[2],"tags":[],"jetpack_publicize_connections":[],"yoast_head":"<!-- This site is optimized with the Yoast SEO plugin v21.7 - https:\/\/yoast.com\/wordpress\/plugins\/seo\/ -->\n<title>La transition vers les \u00e9nergies renouvelables dans l&#039;automobile - Blog Plaque&amp;Go | Actualit\u00e9s de la plaque d&#039;immatriculation<\/title>\n<meta name=\"description\" content=\"L\u2019automobile passe aux \u00e9nergies renouvelables : v\u00e9hicules \u00e9lectriques, hydrog\u00e8ne et plaques \u00e9cologiques pour une mobilit\u00e9 plus propre.\" \/>\n<meta name=\"robots\" content=\"index, follow, max-snippet:-1, max-image-preview:large, max-video-preview:-1\" \/>\n<link rel=\"canonical\" href=\"https:\/\/www.plaqueandgo.com\/blog\/transition-energetique-automobile\/\" \/>\n<meta property=\"og:locale\" content=\"fr_FR\" \/>\n<meta property=\"og:type\" content=\"article\" \/>\n<meta property=\"og:title\" content=\"La transition vers les \u00e9nergies renouvelables dans l&#039;automobile - Blog Plaque&amp;Go | Actualit\u00e9s de la plaque d&#039;immatriculation\" \/>\n<meta property=\"og:description\" content=\"L\u2019automobile passe aux \u00e9nergies renouvelables : v\u00e9hicules \u00e9lectriques, hydrog\u00e8ne et plaques \u00e9cologiques pour une mobilit\u00e9 plus propre.\" \/>\n<meta property=\"og:url\" content=\"https:\/\/www.plaqueandgo.com\/blog\/transition-energetique-automobile\/\" \/>\n<meta property=\"og:site_name\" content=\"Blog Plaque&amp;Go | Actualit\u00e9s de la plaque d&#039;immatriculation\" \/>\n<meta property=\"article:publisher\" content=\"https:\/\/www.facebook.com\/PlaqueandGoofficial\/\" \/>\n<meta property=\"article:published_time\" content=\"2025-04-30T08:30:00+00:00\" \/>\n<meta property=\"article:modified_time\" content=\"2025-05-13T10:03:41+00:00\" \/>\n<meta property=\"og:image\" content=\"https:\/\/www.plaqueandgo.com\/blog\/wp-content\/uploads\/2025\/04\/two-charging-electric-cars-charge-station-city-scaled.jpg\" \/>\n\t<meta property=\"og:image:width\" content=\"2048\" \/>\n\t<meta property=\"og:image:height\" content=\"1152\" \/>\n\t<meta property=\"og:image:type\" content=\"image\/jpeg\" \/>\n<meta name=\"author\" content=\"contact@plaqueandgo.com\" \/>\n<meta name=\"twitter:card\" content=\"summary_large_image\" \/>\n<meta name=\"twitter:creator\" content=\"@PlaqueandGo\" \/>\n<meta name=\"twitter:site\" content=\"@PlaqueandGo\" \/>\n<meta name=\"twitter:label1\" content=\"\u00c9crit par\" \/>\n\t<meta name=\"twitter:data1\" content=\"contact@plaqueandgo.com\" \/>\n\t<meta name=\"twitter:label2\" content=\"Dur\u00e9e de lecture estim\u00e9e\" \/>\n\t<meta name=\"twitter:data2\" content=\"3 minutes\" \/>\n<script type=\"application\/ld+json\" class=\"yoast-schema-graph\">{\"@context\":\"https:\/\/schema.org\",\"@graph\":[{\"@type\":\"Article\",\"@id\":\"https:\/\/www.plaqueandgo.com\/blog\/transition-energetique-automobile\/#article\",\"isPartOf\":{\"@id\":\"https:\/\/www.plaqueandgo.com\/blog\/transition-energetique-automobile\/\"},\"author\":{\"name\":\"contact@plaqueandgo.com\",\"@id\":\"https:\/\/www.plaqueandgo.com\/blog\/#\/schema\/person\/8f660191d6588947cd34d88ebca4b04b\"},\"headline\":\"La transition vers les \u00e9nergies renouvelables dans l&rsquo;automobile\",\"datePublished\":\"2025-04-30T08:30:00+00:00\",\"dateModified\":\"2025-05-13T10:03:41+00:00\",\"mainEntityOfPage\":{\"@id\":\"https:\/\/www.plaqueandgo.com\/blog\/transition-energetique-automobile\/\"},\"wordCount\":423,\"publisher\":{\"@id\":\"https:\/\/www.plaqueandgo.com\/blog\/#organization\"},\"articleSection\":[\"News\"],\"inLanguage\":\"fr-FR\"},{\"@type\":\"WebPage\",\"@id\":\"https:\/\/www.plaqueandgo.com\/blog\/transition-energetique-automobile\/\",\"url\":\"https:\/\/www.plaqueandgo.com\/blog\/transition-energetique-automobile\/\",\"name\":\"La transition vers les \u00e9nergies renouvelables dans l'automobile - Blog Plaque&amp;Go | Actualit\u00e9s de la plaque d&#039;immatriculation\",\"isPartOf\":{\"@id\":\"https:\/\/www.plaqueandgo.com\/blog\/#website\"},\"datePublished\":\"2025-04-30T08:30:00+00:00\",\"dateModified\":\"2025-05-13T10:03:41+00:00\",\"description\":\"L\u2019automobile passe aux \u00e9nergies renouvelables : v\u00e9hicules \u00e9lectriques, hydrog\u00e8ne et plaques \u00e9cologiques pour une mobilit\u00e9 plus propre.\",\"breadcrumb\":{\"@id\":\"https:\/\/www.plaqueandgo.com\/blog\/transition-energetique-automobile\/#breadcrumb\"},\"inLanguage\":\"fr-FR\",\"potentialAction\":[{\"@type\":\"ReadAction\",\"target\":[\"https:\/\/www.plaqueandgo.com\/blog\/transition-energetique-automobile\/\"]}]},{\"@type\":\"BreadcrumbList\",\"@id\":\"https:\/\/www.plaqueandgo.com\/blog\/transition-energetique-automobile\/#breadcrumb\",\"itemListElement\":[{\"@type\":\"ListItem\",\"position\":1,\"name\":\"Actualit\u00e9 Plaque&amp;Go\",\"item\":\"https:\/\/www.plaqueandgo.com\/blog\/\"},{\"@type\":\"ListItem\",\"position\":2,\"name\":\"La transition vers les \u00e9nergies renouvelables dans l&rsquo;automobile\"}]},{\"@type\":\"WebSite\",\"@id\":\"https:\/\/www.plaqueandgo.com\/blog\/#website\",\"url\":\"https:\/\/www.plaqueandgo.com\/blog\/\",\"name\":\"Blog Plaque&amp;Go | Actualit\u00e9s de la plaque d&#039;immatriculation\",\"description\":\"La plaque d&#039;immatriculation qui vous fait voyager\",\"publisher\":{\"@id\":\"https:\/\/www.plaqueandgo.com\/blog\/#organization\"},\"potentialAction\":[{\"@type\":\"SearchAction\",\"target\":{\"@type\":\"EntryPoint\",\"urlTemplate\":\"https:\/\/www.plaqueandgo.com\/blog\/?s={search_term_string}\"},\"query-input\":\"required name=search_term_string\"}],\"inLanguage\":\"fr-FR\"},{\"@type\":\"Organization\",\"@id\":\"https:\/\/www.plaqueandgo.com\/blog\/#organization\",\"name\":\"Plaque&Go\",\"url\":\"https:\/\/www.plaqueandgo.com\/blog\/\",\"logo\":{\"@type\":\"ImageObject\",\"inLanguage\":\"fr-FR\",\"@id\":\"https:\/\/www.plaqueandgo.com\/blog\/#\/schema\/logo\/image\/\",\"url\":\"https:\/\/www.plaqueandgo.com\/blog\/wp-content\/uploads\/2018\/05\/logo-plaque-and-go-mobile.svg\",\"contentUrl\":\"https:\/\/www.plaqueandgo.com\/blog\/wp-content\/uploads\/2018\/05\/logo-plaque-and-go-mobile.svg\",\"width\":406.061,\"height\":197.849,\"caption\":\"Plaque&Go\"},\"image\":{\"@id\":\"https:\/\/www.plaqueandgo.com\/blog\/#\/schema\/logo\/image\/\"},\"sameAs\":[\"https:\/\/www.facebook.com\/PlaqueandGoofficial\/\",\"https:\/\/twitter.com\/PlaqueandGo\",\"https:\/\/www.instagram.com\/plaqueandgo\/\",\"https:\/\/www.pinterest.fr\/PlaqueandGo\/\"]},{\"@type\":\"Person\",\"@id\":\"https:\/\/www.plaqueandgo.com\/blog\/#\/schema\/person\/8f660191d6588947cd34d88ebca4b04b\",\"name\":\"contact@plaqueandgo.com\",\"image\":{\"@type\":\"ImageObject\",\"inLanguage\":\"fr-FR\",\"@id\":\"https:\/\/www.plaqueandgo.com\/blog\/#\/schema\/person\/image\/\",\"url\":\"https:\/\/secure.gravatar.com\/avatar\/16406858407f02e00d0bc01de8d32f71?s=96&d=mm&r=g\",\"contentUrl\":\"https:\/\/secure.gravatar.com\/avatar\/16406858407f02e00d0bc01de8d32f71?s=96&d=mm&r=g\",\"caption\":\"contact@plaqueandgo.com\"},\"url\":\"https:\/\/www.plaqueandgo.com\/blog\/author\/admindedi-agency-com\/\"}]}<\/script>\n<!-- \/ Yoast SEO plugin. -->","yoast_head_json":{"title":"La transition vers les \u00e9nergies renouvelables dans l'automobile - Blog Plaque&amp;Go | Actualit\u00e9s de la plaque d&#039;immatriculation","description":"L\u2019automobile passe aux \u00e9nergies renouvelables : v\u00e9hicules \u00e9lectriques, hydrog\u00e8ne et plaques \u00e9cologiques pour une mobilit\u00e9 plus propre.","robots":{"index":"index","follow":"follow","max-snippet":"max-snippet:-1","max-image-preview":"max-image-preview:large","max-video-preview":"max-video-preview:-1"},"canonical":"https:\/\/www.plaqueandgo.com\/blog\/transition-energetique-automobile\/","og_locale":"fr_FR","og_type":"article","og_title":"La transition vers les \u00e9nergies renouvelables dans l'automobile - Blog Plaque&amp;Go | Actualit\u00e9s de la plaque d&#039;immatriculation","og_description":"L\u2019automobile passe aux \u00e9nergies renouvelables : v\u00e9hicules \u00e9lectriques, hydrog\u00e8ne et plaques \u00e9cologiques pour une mobilit\u00e9 plus propre.","og_url":"https:\/\/www.plaqueandgo.com\/blog\/transition-energetique-automobile\/","og_site_name":"Blog Plaque&amp;Go | Actualit\u00e9s de la plaque d&#039;immatriculation","article_publisher":"https:\/\/www.facebook.com\/PlaqueandGoofficial\/","article_published_time":"2025-04-30T08:30:00+00:00","article_modified_time":"2025-05-13T10:03:41+00:00","og_image":[{"width":2048,"height":1152,"url":"https:\/\/www.plaqueandgo.com\/blog\/wp-content\/uploads\/2025\/04\/two-charging-electric-cars-charge-station-city-scaled.jpg","type":"image\/jpeg"}],"author":"contact@plaqueandgo.com","twitter_card":"summary_large_image","twitter_creator":"@PlaqueandGo","twitter_site":"@PlaqueandGo","twitter_misc":{"\u00c9crit par":"contact@plaqueandgo.com","Dur\u00e9e de lecture estim\u00e9e":"3 minutes"},"schema":{"@context":"https:\/\/schema.org","@graph":[{"@type":"Article","@id":"https:\/\/www.plaqueandgo.com\/blog\/transition-energetique-automobile\/#article","isPartOf":{"@id":"https:\/\/www.plaqueandgo.com\/blog\/transition-energetique-automobile\/"},"author":{"name":"contact@plaqueandgo.com","@id":"https:\/\/www.plaqueandgo.com\/blog\/#\/schema\/person\/8f660191d6588947cd34d88ebca4b04b"},"headline":"La transition vers les \u00e9nergies renouvelables dans l&rsquo;automobile","datePublished":"2025-04-30T08:30:00+00:00","dateModified":"2025-05-13T10:03:41+00:00","mainEntityOfPage":{"@id":"https:\/\/www.plaqueandgo.com\/blog\/transition-energetique-automobile\/"},"wordCount":423,"publisher":{"@id":"https:\/\/www.plaqueandgo.com\/blog\/#organization"},"articleSection":["News"],"inLanguage":"fr-FR"},{"@type":"WebPage","@id":"https:\/\/www.plaqueandgo.com\/blog\/transition-energetique-automobile\/","url":"https:\/\/www.plaqueandgo.com\/blog\/transition-energetique-automobile\/","name":"La transition vers les \u00e9nergies renouvelables dans l'automobile - Blog Plaque&amp;Go | Actualit\u00e9s de la plaque d&#039;immatriculation","isPartOf":{"@id":"https:\/\/www.plaqueandgo.com\/blog\/#website"},"datePublished":"2025-04-30T08:30:00+00:00","dateModified":"2025-05-13T10:03:41+00:00","description":"L\u2019automobile passe aux \u00e9nergies renouvelables : v\u00e9hicules \u00e9lectriques, hydrog\u00e8ne et plaques \u00e9cologiques pour une mobilit\u00e9 plus propre.","breadcrumb":{"@id":"https:\/\/www.plaqueandgo.com\/blog\/transition-energetique-automobile\/#breadcrumb"},"inLanguage":"fr-FR","potentialAction":[{"@type":"ReadAction","target":["https:\/\/www.plaqueandgo.com\/blog\/transition-energetique-automobile\/"]}]},{"@type":"BreadcrumbList","@id":"https:\/\/www.plaqueandgo.com\/blog\/transition-energetique-automobile\/#breadcrumb","itemListElement":[{"@type":"ListItem","position":1,"name":"Actualit\u00e9 Plaque&amp;Go","item":"https:\/\/www.plaqueandgo.com\/blog\/"},{"@type":"ListItem","position":2,"name":"La transition vers les \u00e9nergies renouvelables dans l&rsquo;automobile"}]},{"@type":"WebSite","@id":"https:\/\/www.plaqueandgo.com\/blog\/#website","url":"https:\/\/www.plaqueandgo.com\/blog\/","name":"Blog Plaque&amp;Go | Actualit\u00e9s de la plaque d&#039;immatriculation","description":"La plaque d&#039;immatriculation qui vous fait voyager","publisher":{"@id":"https:\/\/www.plaqueandgo.com\/blog\/#organization"},"potentialAction":[{"@type":"SearchAction","target":{"@type":"EntryPoint","urlTemplate":"https:\/\/www.plaqueandgo.com\/blog\/?s={search_term_string}"},"query-input":"required name=search_term_string"}],"inLanguage":"fr-FR"},{"@type":"Organization","@id":"https:\/\/www.plaqueandgo.com\/blog\/#organization","name":"Plaque&Go","url":"https:\/\/www.plaqueandgo.com\/blog\/","logo":{"@type":"ImageObject","inLanguage":"fr-FR","@id":"https:\/\/www.plaqueandgo.com\/blog\/#\/schema\/logo\/image\/","url":"https:\/\/www.plaqueandgo.com\/blog\/wp-content\/uploads\/2018\/05\/logo-plaque-and-go-mobile.svg","contentUrl":"https:\/\/www.plaqueandgo.com\/blog\/wp-content\/uploads\/2018\/05\/logo-plaque-and-go-mobile.svg","width":406.061,"height":197.849,"caption":"Plaque&Go"},"image":{"@id":"https:\/\/www.plaqueandgo.com\/blog\/#\/schema\/logo\/image\/"},"sameAs":["https:\/\/www.facebook.com\/PlaqueandGoofficial\/","https:\/\/twitter.com\/PlaqueandGo","https:\/\/www.instagram.com\/plaqueandgo\/","https:\/\/www.pinterest.fr\/PlaqueandGo\/"]},{"@type":"Person","@id":"https:\/\/www.plaqueandgo.com\/blog\/#\/schema\/person\/8f660191d6588947cd34d88ebca4b04b","name":"contact@plaqueandgo.com","image":{"@type":"ImageObject","inLanguage":"fr-FR","@id":"https:\/\/www.plaqueandgo.com\/blog\/#\/schema\/person\/image\/","url":"https:\/\/secure.gravatar.com\/avatar\/16406858407f02e00d0bc01de8d32f71?s=96&d=mm&r=g","contentUrl":"https:\/\/secure.gravatar.com\/avatar\/16406858407f02e00d0bc01de8d32f71?s=96&d=mm&r=g","caption":"contact@plaqueandgo.com"},"url":"https:\/\/www.plaqueandgo.com\/blog\/author\/admindedi-agency-com\/"}]}},"modified_by":"contact@plaqueandgo.com","jetpack_featured_media_url":"https:\/\/i0.wp.com\/www.plaqueandgo.com\/blog\/wp-content\/uploads\/2025\/04\/two-charging-electric-cars-charge-station-city-scaled.jpg?fit=2048%2C1152&ssl=1","jetpack_sharing_enabled":true,"jetpack_likes_enabled":false,"_links":{"self":[{"href":"https:\/\/www.plaqueandgo.com\/blog\/wp-json\/wp\/v2\/posts\/7223"}],"collection":[{"href":"https:\/\/www.plaqueandgo.com\/blog\/wp-json\/wp\/v2\/posts"}],"about":[{"href":"https:\/\/www.plaqueandgo.com\/blog\/wp-json\/wp\/v2\/types\/post"}],"author":[{"embeddable":true,"href":"https:\/\/www.plaqueandgo.com\/blog\/wp-json\/wp\/v2\/users\/1"}],"replies":[{"embeddable":true,"href":"https:\/\/www.plaqueandgo.com\/blog\/wp-json\/wp\/v2\/comments?post=7223"}],"version-history":[{"count":1,"href":"https:\/\/www.plaqueandgo.com\/blog\/wp-json\/wp\/v2\/posts\/7223\/revisions"}],"predecessor-version":[{"id":7224,"href":"https:\/\/www.plaqueandgo.com\/blog\/wp-json\/wp\/v2\/posts\/7223\/revisions\/7224"}],"wp:featuredmedia":[{"embeddable":true,"href":"https:\/\/www.plaqueandgo.com\/blog\/wp-json\/wp\/v2\/media\/7225"}],"wp:attachment":[{"href":"https:\/\/www.plaqueandgo.com\/blog\/wp-json\/wp\/v2\/media?parent=7223"}],"wp:term":[{"taxonomy":"category","embeddable":true,"href":"https:\/\/www.plaqueandgo.com\/blog\/wp-json\/wp\/v2\/categories?post=7223"},{"taxonomy":"post_tag","embeddable":true,"href":"https:\/\/www.plaqueandgo.com\/blog\/wp-json\/wp\/v2\/tags?post=7223"}],"curies":[{"name":"wp","href":"https:\/\/api.w.org\/{rel}","templated":true}]}}