{"id":7182,"date":"2025-02-05T15:25:38","date_gmt":"2025-02-05T14:25:38","guid":{"rendered":"https:\/\/www.plaqueandgo.com\/blog\/?p=7182"},"modified":"2025-03-21T16:25:20","modified_gmt":"2025-03-21T15:25:20","slug":"peut-on-personnaliser-sa-plaque-dimmatriculation","status":"publish","type":"post","link":"https:\/\/www.plaqueandgo.com\/blog\/peut-on-personnaliser-sa-plaque-dimmatriculation\/","title":{"rendered":"Peut-on personnaliser sa plaque d\u2019immatriculation ?\u00a0"},"content":{"rendered":"\n<p>La plaque d\u2019immatriculation est un \u00e9l\u00e9ment indispensable pour identifier un v\u00e9hicule. Mais saviez-vous qu\u2019il est strictement encadr\u00e9 par la loi en France ? Contrairement \u00e0 ce que certains pourraient penser, modifier une plaque d\u2019immatriculation n\u2019est pas une op\u00e9ration que l\u2019on peut effectuer librement. Cet article d\u00e9taille les r\u00e8gles \u00e0 suivre pour changer sa plaque d\u2019immatriculation en toute l\u00e9galit\u00e9 et \u00e9viter toute verbalisation.<\/p>\n\n\n\n<h3 class=\"wp-block-heading\"><strong>Pourquoi ne peut-on pas modifier son num\u00e9ro d\u2019immatriculation ?<\/strong>&nbsp;<\/h3>\n\n\n\n<p>Le num\u00e9ro d\u2019immatriculation d\u2019un v\u00e9hicule est un <strong>identifiant unique et officiel<\/strong> d\u00e9livr\u00e9 par l\u2019ANTS depuis 2008.&nbsp; Ce caract\u00e8re unique permet l\u2019identification des v\u00e9hicules. Notamment lors de contr\u00f4les routiers, pour les assurances ou les parkings et p\u00e9ages en flux libre.&nbsp;<\/p>\n\n\n\n<p>Par cons\u00e9quent, modifier sa plaque d\u2019immatriculation peut, en fonction des cas, entra\u00eener les risques suivants :&nbsp;<\/p>\n\n\n\n<ul>\n<li><strong>D\u00e9fauts constatables lors du<\/strong><strong> <\/strong><strong>contr\u00f4le <\/strong><strong>technique<\/strong> n\u00e9cessitant une contre-visite.&nbsp;<\/li>\n<\/ul>\n\n\n\n<ul>\n<li><strong>Contraventions <\/strong>: &nbsp;Toute infraction aux r\u00e8gles d\u2019entretien, de caract\u00e9ristiques ou de pose des plaques d\u2019immatriculation peut entra\u00eener une amende pouvant atteindre 375 \u20ac par plaque.<\/li>\n<\/ul>\n\n\n\n<p>L\u2019article <a href=\"https:\/\/www.legifrance.gouv.fr\/codes\/article_lc\/LEGIARTI000042266062\/\" target=\"_blank\" rel=\"noreferrer noopener\"><strong>R317-8 du Code de la route<\/strong><\/a> impose des normes pr\u00e9cises. Concernant l\u2019homologation par le minist\u00e8re de l\u2019int\u00e9rieur, la tra\u00e7abilit\u00e9, les dimensions, les caract\u00e8res et tirets, les couleurs, les identifiants europ\u00e9ens territoriaux et la fixation de la plaque.&nbsp;<\/p>\n\n\n\n<h3 class=\"wp-block-heading\"><strong>Peut-on personnaliser sa plaque d\u2019immatriculation ?<\/strong>&nbsp;<\/h3>\n\n\n\n<p>Pour beaucoup d\u2019automobilistes, leur plaque d\u2019immatriculation est un v\u00e9ritable symbole identitaire. Toutefois, en France, il est impossible de personnaliser librement sa plaque d\u2019immatriculation. contrairement \u00e0 certains pays comme les \u00c9tats-Unis o\u00f9 il est courant de choisir son num\u00e9ro.&nbsp;<\/p>\n\n\n\n<p>Cependant, depuis la mise en place du Syst\u00e8me d\u2019Immatriculation des V\u00e9hicules en 2009, les automobilistes fran\u00e7ais ont&nbsp;la possibilit\u00e9 de personnaliser leur plaque en s\u00e9lectionnant un logo r\u00e9gional et un num\u00e9ro de d\u00e9partement s\u2019y rapportant. Cette option offre une touche d\u2019identit\u00e9, tout en restant conforme aux mod\u00e8les officiels. Ce choix \u201cde c\u0153ur\u201d peut s\u2019effectuer \u00e0 tout moment :&nbsp;<\/p>\n\n\n\n<ul>\n<li>Achat d\u2019un v\u00e9hicule neuf : il est possible d\u2019opter pour le logo r\u00e9gion de son choix sans lien avec son lieu d\u2019habitation, &nbsp;<\/li>\n<\/ul>\n\n\n\n<ul>\n<li>Acquisition d\u2019un v\u00e9hicule d\u2019occasion : dans le cas d\u2019un v\u00e9hicule immatricul\u00e9 sous l\u2019ancien syst\u00e8me FNI (avant 2009), lors d\u2019un changement de propri\u00e9taire ou d\u2019adresse n\u00e9cessitant un changement du Certificat d\u2019immatriculation, un nouveau num\u00e9ro SIV sera attribu\u00e9 au v\u00e9hicule dont la plaque pourra comporter un logo r\u00e9gion au choix,&nbsp;<\/li>\n<\/ul>\n\n\n\n<ul>\n<li>Plaque ab\u00eem\u00e9e ou illisible : il faut la remplacer pour respecter les normes en vigueur.<\/li>\n<\/ul>\n\n\n\n<h3 class=\"wp-block-heading\"><strong>Quelles sont les cons\u00e9quences d\u2019une plaque d\u2019immatriculation<\/strong><strong> <\/strong><strong>non homologu\u00e9e ?<\/strong><strong><\/strong>&nbsp;<\/h3>\n\n\n\n<p>Une plaque d\u2019immatriculation en r\u00e8gle ne s\u2019improvise pas. D\u00e9finie par des textes r\u00e9glementaires et l\u00e9gislatifs, une plaque d\u2019immatriculation doit imp\u00e9rativement r\u00e9pondre \u00e0 des exigences strictes en termes de mat\u00e9riaux, de dimensions, de coloris, de fixation et d\u2019entretien. Ainsi, utiliser une plaque non conforme&nbsp;peut entra\u00eener :&nbsp;<\/p>\n\n\n\n<ul>\n<li><strong>D\u00e9fauts constatables lors du contr\u00f4le technique<\/strong> n\u00e9cessitant une contre-visite.&nbsp;<\/li>\n<\/ul>\n\n\n\n<ul>\n<li><strong>Des sanctions financi\u00e8res<\/strong> : Une amende forfaitaire de 135 \u20ac (contravention de classe 4).&nbsp;<\/li>\n<\/ul>\n\n\n\n<ul>\n<li><strong>Une mise en fourri\u00e8re<\/strong> : En cas de r\u00e9cidive ou de fraude av\u00e9r\u00e9e.&nbsp;<\/li>\n<\/ul>\n\n\n\n<ul>\n<li><strong>Des sanctions juridiques<\/strong> : Utiliser de fausses plaques, inscrire des informations inexactes ou faire de fausses d\u00e9clarations sur un v\u00e9hicule constitue un d\u00e9lit. Ces infractions peuvent entra\u00eener jusqu\u2019\u00e0 <strong>5 ans d\u2019emprisonnement<\/strong>, <strong>3 750 \u20ac d\u2019amende<\/strong>, <strong>un retrait de 6 points sur le permis,<\/strong> ainsi que des sanctions compl\u00e9mentaires comme la suspension du permis ou la confiscation du v\u00e9hicule.<\/li>\n<\/ul>\n\n\n\n<h3 class=\"wp-block-heading\"><strong>En conclusion<\/strong>&nbsp;<\/h3>\n\n\n\n<p>Il est essentiel de respecter les r\u00e8gles en vigueur pour les plaques d\u2019immatriculation en France. Toute modification ou personnalisation non autoris\u00e9e expose \u00e0 des risques juridiques et financiers. Si vous avez besoin de changer vos plaques, assurez-vous de passer par un professionnel de l\u2019automobile et de respecter les normes officielles en vigueur.&nbsp;<\/p>\n\n\n\n<p><a href=\"https:\/\/www.plaqueandgo.com\/\">Les plaques d\u2019immatriculation Plaques &amp; Go<\/a> sont toutes homologu\u00e9es&nbsp;et 100% conformes.<\/p>\n","protected":false},"excerpt":{"rendered":"<p>La plaque d\u2019immatriculation est un \u00e9l\u00e9ment indispensable pour identifier un v\u00e9hicule. Mais saviez-vous qu\u2019il est strictement encadr\u00e9 par la loi en France ? Contrairement \u00e0 ce que certains pourraient penser, modifier<\/p>\n\t\t<div class=\"more-link-holder\">\n\t\t\t<a class=\"more-link ghost-button-link\" href=\"https:\/\/www.plaqueandgo.com\/blog\/peut-on-personnaliser-sa-plaque-dimmatriculation\/\">Lire la suite<\/a>\n\t\t<\/div>","protected":false},"author":1,"featured_media":7188,"comment_status":"closed","ping_status":"open","sticky":false,"template":"","format":"standard","meta":{"_lmt_disableupdate":"","_lmt_disable":"","jetpack_publicize_message":"","jetpack_is_tweetstorm":false,"jetpack_publicize_feature_enabled":true,"jetpack_social_post_already_shared":true,"jetpack_social_options":{"image_generator_settings":{"template":"highway","enabled":false}}},"categories":[83],"tags":[],"jetpack_publicize_connections":[],"yoast_head":"<!-- This site is optimized with the Yoast SEO plugin v21.7 - https:\/\/yoast.com\/wordpress\/plugins\/seo\/ -->\n<title>Peut-on personnaliser sa plaque d\u2019immatriculation ?\u00a0 - Blog Plaque&amp;Go | Actualit\u00e9s de la plaque d&#039;immatriculation<\/title>\n<meta name=\"description\" content=\"Peut-on personnaliser sa plaque d\u2019immatriculation ? D\u00e9couvrez les r\u00e8gles \u00e0 respecter pour une plaque conforme.\" \/>\n<meta name=\"robots\" content=\"index, follow, max-snippet:-1, max-image-preview:large, max-video-preview:-1\" \/>\n<link rel=\"canonical\" href=\"https:\/\/www.plaqueandgo.com\/blog\/peut-on-personnaliser-sa-plaque-dimmatriculation\/\" \/>\n<meta property=\"og:locale\" content=\"fr_FR\" \/>\n<meta property=\"og:type\" content=\"article\" \/>\n<meta property=\"og:title\" content=\"Peut-on personnaliser sa plaque d\u2019immatriculation ?\u00a0 - Blog Plaque&amp;Go | Actualit\u00e9s de la plaque d&#039;immatriculation\" \/>\n<meta property=\"og:description\" content=\"Peut-on personnaliser sa plaque d\u2019immatriculation ? D\u00e9couvrez les r\u00e8gles \u00e0 respecter pour une plaque conforme.\" \/>\n<meta property=\"og:url\" content=\"https:\/\/www.plaqueandgo.com\/blog\/peut-on-personnaliser-sa-plaque-dimmatriculation\/\" \/>\n<meta property=\"og:site_name\" content=\"Blog Plaque&amp;Go | Actualit\u00e9s de la plaque d&#039;immatriculation\" \/>\n<meta property=\"article:publisher\" content=\"https:\/\/www.facebook.com\/PlaqueandGoofficial\/\" \/>\n<meta property=\"article:published_time\" content=\"2025-02-05T14:25:38+00:00\" \/>\n<meta property=\"article:modified_time\" content=\"2025-03-21T15:25:20+00:00\" \/>\n<meta property=\"og:image\" content=\"https:\/\/www.plaqueandgo.com\/blog\/wp-content\/uploads\/2025\/02\/Design-sans-titre-e1738769095206.png\" \/>\n\t<meta property=\"og:image:width\" content=\"1176\" \/>\n\t<meta property=\"og:image:height\" content=\"316\" \/>\n\t<meta property=\"og:image:type\" content=\"image\/png\" \/>\n<meta name=\"author\" content=\"contact@plaqueandgo.com\" \/>\n<meta name=\"twitter:card\" content=\"summary_large_image\" \/>\n<meta name=\"twitter:creator\" content=\"@PlaqueandGo\" \/>\n<meta name=\"twitter:site\" content=\"@PlaqueandGo\" \/>\n<meta name=\"twitter:label1\" content=\"\u00c9crit par\" \/>\n\t<meta name=\"twitter:data1\" content=\"contact@plaqueandgo.com\" \/>\n\t<meta name=\"twitter:label2\" content=\"Dur\u00e9e de lecture estim\u00e9e\" \/>\n\t<meta name=\"twitter:data2\" content=\"4 minutes\" \/>\n<script type=\"application\/ld+json\" class=\"yoast-schema-graph\">{\"@context\":\"https:\/\/schema.org\",\"@graph\":[{\"@type\":\"Article\",\"@id\":\"https:\/\/www.plaqueandgo.com\/blog\/peut-on-personnaliser-sa-plaque-dimmatriculation\/#article\",\"isPartOf\":{\"@id\":\"https:\/\/www.plaqueandgo.com\/blog\/peut-on-personnaliser-sa-plaque-dimmatriculation\/\"},\"author\":{\"name\":\"contact@plaqueandgo.com\",\"@id\":\"https:\/\/www.plaqueandgo.com\/blog\/#\/schema\/person\/8f660191d6588947cd34d88ebca4b04b\"},\"headline\":\"Peut-on personnaliser sa plaque d\u2019immatriculation ?\u00a0\",\"datePublished\":\"2025-02-05T14:25:38+00:00\",\"dateModified\":\"2025-03-21T15:25:20+00:00\",\"mainEntityOfPage\":{\"@id\":\"https:\/\/www.plaqueandgo.com\/blog\/peut-on-personnaliser-sa-plaque-dimmatriculation\/\"},\"wordCount\":720,\"publisher\":{\"@id\":\"https:\/\/www.plaqueandgo.com\/blog\/#organization\"},\"articleSection\":[\"Plaques d'immatriculation\"],\"inLanguage\":\"fr-FR\"},{\"@type\":\"WebPage\",\"@id\":\"https:\/\/www.plaqueandgo.com\/blog\/peut-on-personnaliser-sa-plaque-dimmatriculation\/\",\"url\":\"https:\/\/www.plaqueandgo.com\/blog\/peut-on-personnaliser-sa-plaque-dimmatriculation\/\",\"name\":\"Peut-on personnaliser sa plaque d\u2019immatriculation ?\u00a0 - Blog Plaque&amp;Go | Actualit\u00e9s de la plaque d&#039;immatriculation\",\"isPartOf\":{\"@id\":\"https:\/\/www.plaqueandgo.com\/blog\/#website\"},\"datePublished\":\"2025-02-05T14:25:38+00:00\",\"dateModified\":\"2025-03-21T15:25:20+00:00\",\"description\":\"Peut-on personnaliser sa plaque d\u2019immatriculation ? D\u00e9couvrez les r\u00e8gles \u00e0 respecter pour une plaque conforme.\",\"breadcrumb\":{\"@id\":\"https:\/\/www.plaqueandgo.com\/blog\/peut-on-personnaliser-sa-plaque-dimmatriculation\/#breadcrumb\"},\"inLanguage\":\"fr-FR\",\"potentialAction\":[{\"@type\":\"ReadAction\",\"target\":[\"https:\/\/www.plaqueandgo.com\/blog\/peut-on-personnaliser-sa-plaque-dimmatriculation\/\"]}]},{\"@type\":\"BreadcrumbList\",\"@id\":\"https:\/\/www.plaqueandgo.com\/blog\/peut-on-personnaliser-sa-plaque-dimmatriculation\/#breadcrumb\",\"itemListElement\":[{\"@type\":\"ListItem\",\"position\":1,\"name\":\"Actualit\u00e9 Plaque&amp;Go\",\"item\":\"https:\/\/www.plaqueandgo.com\/blog\/\"},{\"@type\":\"ListItem\",\"position\":2,\"name\":\"Peut-on personnaliser sa plaque d\u2019immatriculation ?\u00a0\"}]},{\"@type\":\"WebSite\",\"@id\":\"https:\/\/www.plaqueandgo.com\/blog\/#website\",\"url\":\"https:\/\/www.plaqueandgo.com\/blog\/\",\"name\":\"Blog Plaque&amp;Go | Actualit\u00e9s de la plaque d&#039;immatriculation\",\"description\":\"La plaque d&#039;immatriculation qui vous fait voyager\",\"publisher\":{\"@id\":\"https:\/\/www.plaqueandgo.com\/blog\/#organization\"},\"potentialAction\":[{\"@type\":\"SearchAction\",\"target\":{\"@type\":\"EntryPoint\",\"urlTemplate\":\"https:\/\/www.plaqueandgo.com\/blog\/?s={search_term_string}\"},\"query-input\":\"required name=search_term_string\"}],\"inLanguage\":\"fr-FR\"},{\"@type\":\"Organization\",\"@id\":\"https:\/\/www.plaqueandgo.com\/blog\/#organization\",\"name\":\"Plaque&Go\",\"url\":\"https:\/\/www.plaqueandgo.com\/blog\/\",\"logo\":{\"@type\":\"ImageObject\",\"inLanguage\":\"fr-FR\",\"@id\":\"https:\/\/www.plaqueandgo.com\/blog\/#\/schema\/logo\/image\/\",\"url\":\"https:\/\/www.plaqueandgo.com\/blog\/wp-content\/uploads\/2018\/05\/logo-plaque-and-go-mobile.svg\",\"contentUrl\":\"https:\/\/www.plaqueandgo.com\/blog\/wp-content\/uploads\/2018\/05\/logo-plaque-and-go-mobile.svg\",\"width\":406.061,\"height\":197.849,\"caption\":\"Plaque&Go\"},\"image\":{\"@id\":\"https:\/\/www.plaqueandgo.com\/blog\/#\/schema\/logo\/image\/\"},\"sameAs\":[\"https:\/\/www.facebook.com\/PlaqueandGoofficial\/\",\"https:\/\/twitter.com\/PlaqueandGo\",\"https:\/\/www.instagram.com\/plaqueandgo\/\",\"https:\/\/www.pinterest.fr\/PlaqueandGo\/\"]},{\"@type\":\"Person\",\"@id\":\"https:\/\/www.plaqueandgo.com\/blog\/#\/schema\/person\/8f660191d6588947cd34d88ebca4b04b\",\"name\":\"contact@plaqueandgo.com\",\"image\":{\"@type\":\"ImageObject\",\"inLanguage\":\"fr-FR\",\"@id\":\"https:\/\/www.plaqueandgo.com\/blog\/#\/schema\/person\/image\/\",\"url\":\"https:\/\/secure.gravatar.com\/avatar\/16406858407f02e00d0bc01de8d32f71?s=96&d=mm&r=g\",\"contentUrl\":\"https:\/\/secure.gravatar.com\/avatar\/16406858407f02e00d0bc01de8d32f71?s=96&d=mm&r=g\",\"caption\":\"contact@plaqueandgo.com\"},\"url\":\"https:\/\/www.plaqueandgo.com\/blog\/author\/admindedi-agency-com\/\"}]}<\/script>\n<!-- \/ Yoast SEO plugin. -->","yoast_head_json":{"title":"Peut-on personnaliser sa plaque d\u2019immatriculation ?\u00a0 - Blog Plaque&amp;Go | Actualit\u00e9s de la plaque d&#039;immatriculation","description":"Peut-on personnaliser sa plaque d\u2019immatriculation ? D\u00e9couvrez les r\u00e8gles \u00e0 respecter pour une plaque conforme.","robots":{"index":"index","follow":"follow","max-snippet":"max-snippet:-1","max-image-preview":"max-image-preview:large","max-video-preview":"max-video-preview:-1"},"canonical":"https:\/\/www.plaqueandgo.com\/blog\/peut-on-personnaliser-sa-plaque-dimmatriculation\/","og_locale":"fr_FR","og_type":"article","og_title":"Peut-on personnaliser sa plaque d\u2019immatriculation ?\u00a0 - Blog Plaque&amp;Go | Actualit\u00e9s de la plaque d&#039;immatriculation","og_description":"Peut-on personnaliser sa plaque d\u2019immatriculation ? D\u00e9couvrez les r\u00e8gles \u00e0 respecter pour une plaque conforme.","og_url":"https:\/\/www.plaqueandgo.com\/blog\/peut-on-personnaliser-sa-plaque-dimmatriculation\/","og_site_name":"Blog Plaque&amp;Go | Actualit\u00e9s de la plaque d&#039;immatriculation","article_publisher":"https:\/\/www.facebook.com\/PlaqueandGoofficial\/","article_published_time":"2025-02-05T14:25:38+00:00","article_modified_time":"2025-03-21T15:25:20+00:00","og_image":[{"width":1176,"height":316,"url":"https:\/\/www.plaqueandgo.com\/blog\/wp-content\/uploads\/2025\/02\/Design-sans-titre-e1738769095206.png","type":"image\/png"}],"author":"contact@plaqueandgo.com","twitter_card":"summary_large_image","twitter_creator":"@PlaqueandGo","twitter_site":"@PlaqueandGo","twitter_misc":{"\u00c9crit par":"contact@plaqueandgo.com","Dur\u00e9e de lecture estim\u00e9e":"4 minutes"},"schema":{"@context":"https:\/\/schema.org","@graph":[{"@type":"Article","@id":"https:\/\/www.plaqueandgo.com\/blog\/peut-on-personnaliser-sa-plaque-dimmatriculation\/#article","isPartOf":{"@id":"https:\/\/www.plaqueandgo.com\/blog\/peut-on-personnaliser-sa-plaque-dimmatriculation\/"},"author":{"name":"contact@plaqueandgo.com","@id":"https:\/\/www.plaqueandgo.com\/blog\/#\/schema\/person\/8f660191d6588947cd34d88ebca4b04b"},"headline":"Peut-on personnaliser sa plaque d\u2019immatriculation ?\u00a0","datePublished":"2025-02-05T14:25:38+00:00","dateModified":"2025-03-21T15:25:20+00:00","mainEntityOfPage":{"@id":"https:\/\/www.plaqueandgo.com\/blog\/peut-on-personnaliser-sa-plaque-dimmatriculation\/"},"wordCount":720,"publisher":{"@id":"https:\/\/www.plaqueandgo.com\/blog\/#organization"},"articleSection":["Plaques d'immatriculation"],"inLanguage":"fr-FR"},{"@type":"WebPage","@id":"https:\/\/www.plaqueandgo.com\/blog\/peut-on-personnaliser-sa-plaque-dimmatriculation\/","url":"https:\/\/www.plaqueandgo.com\/blog\/peut-on-personnaliser-sa-plaque-dimmatriculation\/","name":"Peut-on personnaliser sa plaque d\u2019immatriculation ?\u00a0 - Blog Plaque&amp;Go | Actualit\u00e9s de la plaque d&#039;immatriculation","isPartOf":{"@id":"https:\/\/www.plaqueandgo.com\/blog\/#website"},"datePublished":"2025-02-05T14:25:38+00:00","dateModified":"2025-03-21T15:25:20+00:00","description":"Peut-on personnaliser sa plaque d\u2019immatriculation ? D\u00e9couvrez les r\u00e8gles \u00e0 respecter pour une plaque conforme.","breadcrumb":{"@id":"https:\/\/www.plaqueandgo.com\/blog\/peut-on-personnaliser-sa-plaque-dimmatriculation\/#breadcrumb"},"inLanguage":"fr-FR","potentialAction":[{"@type":"ReadAction","target":["https:\/\/www.plaqueandgo.com\/blog\/peut-on-personnaliser-sa-plaque-dimmatriculation\/"]}]},{"@type":"BreadcrumbList","@id":"https:\/\/www.plaqueandgo.com\/blog\/peut-on-personnaliser-sa-plaque-dimmatriculation\/#breadcrumb","itemListElement":[{"@type":"ListItem","position":1,"name":"Actualit\u00e9 Plaque&amp;Go","item":"https:\/\/www.plaqueandgo.com\/blog\/"},{"@type":"ListItem","position":2,"name":"Peut-on personnaliser sa plaque d\u2019immatriculation ?\u00a0"}]},{"@type":"WebSite","@id":"https:\/\/www.plaqueandgo.com\/blog\/#website","url":"https:\/\/www.plaqueandgo.com\/blog\/","name":"Blog Plaque&amp;Go | Actualit\u00e9s de la plaque d&#039;immatriculation","description":"La plaque d&#039;immatriculation qui vous fait voyager","publisher":{"@id":"https:\/\/www.plaqueandgo.com\/blog\/#organization"},"potentialAction":[{"@type":"SearchAction","target":{"@type":"EntryPoint","urlTemplate":"https:\/\/www.plaqueandgo.com\/blog\/?s={search_term_string}"},"query-input":"required name=search_term_string"}],"inLanguage":"fr-FR"},{"@type":"Organization","@id":"https:\/\/www.plaqueandgo.com\/blog\/#organization","name":"Plaque&Go","url":"https:\/\/www.plaqueandgo.com\/blog\/","logo":{"@type":"ImageObject","inLanguage":"fr-FR","@id":"https:\/\/www.plaqueandgo.com\/blog\/#\/schema\/logo\/image\/","url":"https:\/\/www.plaqueandgo.com\/blog\/wp-content\/uploads\/2018\/05\/logo-plaque-and-go-mobile.svg","contentUrl":"https:\/\/www.plaqueandgo.com\/blog\/wp-content\/uploads\/2018\/05\/logo-plaque-and-go-mobile.svg","width":406.061,"height":197.849,"caption":"Plaque&Go"},"image":{"@id":"https:\/\/www.plaqueandgo.com\/blog\/#\/schema\/logo\/image\/"},"sameAs":["https:\/\/www.facebook.com\/PlaqueandGoofficial\/","https:\/\/twitter.com\/PlaqueandGo","https:\/\/www.instagram.com\/plaqueandgo\/","https:\/\/www.pinterest.fr\/PlaqueandGo\/"]},{"@type":"Person","@id":"https:\/\/www.plaqueandgo.com\/blog\/#\/schema\/person\/8f660191d6588947cd34d88ebca4b04b","name":"contact@plaqueandgo.com","image":{"@type":"ImageObject","inLanguage":"fr-FR","@id":"https:\/\/www.plaqueandgo.com\/blog\/#\/schema\/person\/image\/","url":"https:\/\/secure.gravatar.com\/avatar\/16406858407f02e00d0bc01de8d32f71?s=96&d=mm&r=g","contentUrl":"https:\/\/secure.gravatar.com\/avatar\/16406858407f02e00d0bc01de8d32f71?s=96&d=mm&r=g","caption":"contact@plaqueandgo.com"},"url":"https:\/\/www.plaqueandgo.com\/blog\/author\/admindedi-agency-com\/"}]}},"modified_by":"contact@plaqueandgo.com","jetpack_featured_media_url":"https:\/\/i0.wp.com\/www.plaqueandgo.com\/blog\/wp-content\/uploads\/2025\/02\/Design-sans-titre-e1738769095206.png?fit=1176%2C316&ssl=1","jetpack_sharing_enabled":true,"jetpack_likes_enabled":false,"_links":{"self":[{"href":"https:\/\/www.plaqueandgo.com\/blog\/wp-json\/wp\/v2\/posts\/7182"}],"collection":[{"href":"https:\/\/www.plaqueandgo.com\/blog\/wp-json\/wp\/v2\/posts"}],"about":[{"href":"https:\/\/www.plaqueandgo.com\/blog\/wp-json\/wp\/v2\/types\/post"}],"author":[{"embeddable":true,"href":"https:\/\/www.plaqueandgo.com\/blog\/wp-json\/wp\/v2\/users\/1"}],"replies":[{"embeddable":true,"href":"https:\/\/www.plaqueandgo.com\/blog\/wp-json\/wp\/v2\/comments?post=7182"}],"version-history":[{"count":2,"href":"https:\/\/www.plaqueandgo.com\/blog\/wp-json\/wp\/v2\/posts\/7182\/revisions"}],"predecessor-version":[{"id":7187,"href":"https:\/\/www.plaqueandgo.com\/blog\/wp-json\/wp\/v2\/posts\/7182\/revisions\/7187"}],"wp:featuredmedia":[{"embeddable":true,"href":"https:\/\/www.plaqueandgo.com\/blog\/wp-json\/wp\/v2\/media\/7188"}],"wp:attachment":[{"href":"https:\/\/www.plaqueandgo.com\/blog\/wp-json\/wp\/v2\/media?parent=7182"}],"wp:term":[{"taxonomy":"category","embeddable":true,"href":"https:\/\/www.plaqueandgo.com\/blog\/wp-json\/wp\/v2\/categories?post=7182"},{"taxonomy":"post_tag","embeddable":true,"href":"https:\/\/www.plaqueandgo.com\/blog\/wp-json\/wp\/v2\/tags?post=7182"}],"curies":[{"name":"wp","href":"https:\/\/api.w.org\/{rel}","templated":true}]}}