{"id":6961,"date":"2022-07-06T10:28:25","date_gmt":"2022-07-06T08:28:25","guid":{"rendered":"https:\/\/www.plaqueandgo.com\/blog\/?p=6961"},"modified":"2022-07-20T10:43:37","modified_gmt":"2022-07-20T08:43:37","slug":"fin-voiture-thermique","status":"publish","type":"post","link":"https:\/\/www.plaqueandgo.com\/blog\/fin-voiture-thermique\/","title":{"rendered":"Fin de la voiture thermique en 2035\u00a0?"},"content":{"rendered":"\n<p><a href=\"https:\/\/www.latribune.fr\/entreprises-finance\/industrie\/automobile\/automobile-les-vingt-sept-approuvent-la-fin-des-voitures-thermiques-neuves-des-2035-923690.html\">Les d\u00e9put\u00e9s europ\u00e9ens se sont prononc\u00e9s<\/a>, mercredi 8 juin, sur les diff\u00e9rentes propositions du \u00ab\u00a0paquet climat\u00a0\u00bb. Ce projet vise \u00e0 r\u00e9duire les \u00e9missions de gaz \u00e0 effet de serre d&rsquo;au moins 55% d&rsquo;ici \u00e0 2030 (par rapport \u00e0 1990). L\u2019une des mesures phares adopt\u00e9es concerne l\u2019industrie automobile&nbsp;: l&rsquo;obligation de r\u00e9duire de \u00ab\u00a0100%\u00a0\u00bb les \u00e9missions de CO2 des v\u00e9hicules neufs. Cette mesure entra\u00eene donc l&rsquo;arr\u00eat des ventes de voitures thermiques neuves&nbsp;: essence, diesel ou hybride.<\/p>\n\n\n\n<h2 class=\"wp-block-heading\">Des changements consid\u00e9rables<\/h2>\n\n\n\n<p>En votant cette mesure, les d\u00e9put\u00e9s europ\u00e9ens ont pris une d\u00e9cision qui demande <a href=\"https:\/\/www.lemonde.fr\/idees\/article\/2022\/06\/09\/la-fin-du-moteur-thermique-un-virage-indispensable_6129521_3232.html\">un immense effort d\u2019adaptation de la part de l\u2019industrie automobile<\/a>, des pouvoirs publics et des usagers. Cependant, cette mesure reste essentielle pour lutter contre le changement climatique.<\/p>\n\n\n\n<p>Si la vente de v\u00e9hicules thermiques ne sera plus possible apr\u00e8s 2035, celles-ci ne dispara\u00eetront pas imm\u00e9diatement. Il faudra plusieurs d\u00e9cennies pour que l\u2019ensemble du parc automobile soit \u00e9lectrique.<\/p>\n\n\n\n<h2 class=\"wp-block-heading\">R\u00e9seaux de recharges<\/h2>\n\n\n\n<p>La fin de la voiture thermique pose n\u00e9anmoins un certain nombre de questions. <a href=\"https:\/\/www.plaqueandgo.com\/blog\/voitures-electriques-bornes-de-recharge\/\">La premi\u00e8re concerne la maturit\u00e9 du r\u00e9seau fran\u00e7ais et europ\u00e9en de la recharge.<\/a><\/p>\n\n\n\n<p>La commission europ\u00e9enne pr\u00e9conise des points de recharge disponible tous les 60 Kms. Certains pays europ\u00e9ens comme l\u2019Italie ou l\u2019Espagne n\u2019auront pas la capacit\u00e9 \u00e0 d\u00e9velopper aussi rapidement un r\u00e9seau de recharge pour voiture \u00e9lectrique. La production m\u00eame de ce type d\u2019\u00e9nergie pose encore question.<\/p>\n\n\n\n<h2 class=\"wp-block-heading\">Batterie et d\u00e9pendance mini\u00e8re<\/h2>\n\n\n\n<p>Un autre d\u00e9fi a relev\u00e9 concerne la production de batterie \u00e9lectrique. El\u00e9ment cl\u00e9 de la mobilit\u00e9 \u00e9lectrique, les batteries ion-lithium sont aujourd\u2019hui fabriqu\u00e9es en grande majorit\u00e9 (80 %) dans le sud-est asiatique.<\/p>\n\n\n\n<h2 class=\"wp-block-heading\">Mobilit\u00e9 \u00e9lectrique<\/h2>\n\n\n\n<p>La question de la mobilit\u00e9 \u00e9lectrique longue distance pose \u00e9galement probl\u00e8me. Entre la faiblesse de l\u2019autonomie des batteries actuelles et le manque de point de recharge, les trajets longue distance en voiture \u00e9lectrique interroge. Ce probl\u00e8me est d\u2019autant plus pr\u00e9occupant au moment des grandes transhumances estivales.<\/p>\n\n\n\n<h2 class=\"wp-block-heading\">Carburant synth\u00e9tique, l&rsquo;avenir de la voiture thermique ?<\/h2>\n\n\n\n<p>Soutenu par l\u2019Allemagne la question du carburant synth\u00e9tique n\u2019a pas \u00e9t\u00e9 tranch\u00e9e. Pour l\u2019heure, l&rsquo;immatriculation des v\u00e9hicules fonctionnant exclusivement avec des carburants neutres en CO<sub>2 <\/sub>sera autoris\u00e9e. Cette technologie est actuellement en d\u00e9veloppement, notamment chez Porsche.<\/p>\n\n\n\n<p>Par ailleurs, les ministres europ\u00e9ens de l&rsquo;Environnement ont \u00e9galement approuv\u00e9 \u00ab l&rsquo;amendement Ferrari \u00bb. Il s\u2019agit d\u2019une extension de 5 ans pour la vente de v\u00e9hicule thermique pour des constructeurs \u00ab de niche \u00bb produisant moins de 10.000 v\u00e9hicules par an.<\/p>\n\n\n\n<p>La mobilit\u00e9 \u00e9lectrique repr\u00e9sente la solution la plus pertinente en d\u00e9placement urbain, pour remplacer la voiture thermique. Son utilisation sur les longues distances est probl\u00e9matique en termes d\u2019usage, de consommation et d\u2019\u00e9mission de CO2. Le passage de la voiture thermique \u00e0 une mobilit\u00e9 \u00e9lectrique transformera notre d\u00e9pendance p\u00e9troli\u00e8re en d\u00e9pendance mini\u00e8re.<\/p>\n","protected":false},"excerpt":{"rendered":"<p>Les d\u00e9put\u00e9s europ\u00e9ens se sont prononc\u00e9s, mercredi 8 juin, sur les diff\u00e9rentes propositions du \u00ab\u00a0paquet climat\u00a0\u00bb. Ce projet vise \u00e0 r\u00e9duire les \u00e9missions de gaz \u00e0 effet de serre d&rsquo;au moins<\/p>\n\t\t<div class=\"more-link-holder\">\n\t\t\t<a class=\"more-link ghost-button-link\" href=\"https:\/\/www.plaqueandgo.com\/blog\/fin-voiture-thermique\/\">Lire la suite<\/a>\n\t\t<\/div>","protected":false},"author":1,"featured_media":6963,"comment_status":"open","ping_status":"open","sticky":false,"template":"","format":"standard","meta":{"_lmt_disableupdate":"","_lmt_disable":"","jetpack_publicize_message":"","jetpack_is_tweetstorm":false,"jetpack_publicize_feature_enabled":true,"jetpack_social_post_already_shared":true,"jetpack_social_options":{"image_generator_settings":{"template":"highway","enabled":false}}},"categories":[2],"tags":[],"jetpack_publicize_connections":[],"yoast_head":"<!-- This site is optimized with the Yoast SEO plugin v21.7 - https:\/\/yoast.com\/wordpress\/plugins\/seo\/ -->\n<title>Fin de la voiture thermique en 2035 ? | Blog Plaque&amp;Go<\/title>\n<meta name=\"description\" content=\"Les d\u00e9put\u00e9s europ\u00e9ens se sont prononc\u00e9s pour d\u00e9finir la fin de commercialisation de la voiture thermique en 2035.\" \/>\n<meta name=\"robots\" content=\"index, follow, max-snippet:-1, max-image-preview:large, max-video-preview:-1\" \/>\n<link rel=\"canonical\" href=\"https:\/\/www.plaqueandgo.com\/blog\/fin-voiture-thermique\/\" \/>\n<meta property=\"og:locale\" content=\"fr_FR\" \/>\n<meta property=\"og:type\" content=\"article\" \/>\n<meta property=\"og:title\" content=\"Fin de la voiture thermique en 2035 ? | Blog Plaque&amp;Go\" \/>\n<meta property=\"og:description\" content=\"Les d\u00e9put\u00e9s europ\u00e9ens se sont prononc\u00e9s pour d\u00e9finir la fin de commercialisation de la voiture thermique en 2035.\" \/>\n<meta property=\"og:url\" content=\"https:\/\/www.plaqueandgo.com\/blog\/fin-voiture-thermique\/\" \/>\n<meta property=\"og:site_name\" content=\"Blog Plaque&amp;Go | Actualit\u00e9s de la plaque d&#039;immatriculation\" \/>\n<meta property=\"article:publisher\" content=\"https:\/\/www.facebook.com\/PlaqueandGoofficial\/\" \/>\n<meta property=\"article:published_time\" content=\"2022-07-06T08:28:25+00:00\" \/>\n<meta property=\"article:modified_time\" content=\"2022-07-20T08:43:37+00:00\" \/>\n<meta property=\"og:image\" content=\"https:\/\/www.plaqueandgo.com\/blog\/wp-content\/uploads\/2022\/07\/fin-voiture-thermique.jpg\" \/>\n\t<meta property=\"og:image:width\" content=\"1080\" \/>\n\t<meta property=\"og:image:height\" content=\"607\" \/>\n\t<meta property=\"og:image:type\" content=\"image\/jpeg\" \/>\n<meta name=\"author\" content=\"contact@plaqueandgo.com\" \/>\n<meta name=\"twitter:card\" content=\"summary_large_image\" \/>\n<meta name=\"twitter:creator\" content=\"@PlaqueandGo\" \/>\n<meta name=\"twitter:site\" content=\"@PlaqueandGo\" \/>\n<meta name=\"twitter:label1\" content=\"\u00c9crit par\" \/>\n\t<meta name=\"twitter:data1\" content=\"contact@plaqueandgo.com\" \/>\n\t<meta name=\"twitter:label2\" content=\"Dur\u00e9e de lecture estim\u00e9e\" \/>\n\t<meta name=\"twitter:data2\" content=\"3 minutes\" \/>\n<script type=\"application\/ld+json\" class=\"yoast-schema-graph\">{\"@context\":\"https:\/\/schema.org\",\"@graph\":[{\"@type\":\"Article\",\"@id\":\"https:\/\/www.plaqueandgo.com\/blog\/fin-voiture-thermique\/#article\",\"isPartOf\":{\"@id\":\"https:\/\/www.plaqueandgo.com\/blog\/fin-voiture-thermique\/\"},\"author\":{\"name\":\"contact@plaqueandgo.com\",\"@id\":\"https:\/\/www.plaqueandgo.com\/blog\/#\/schema\/person\/8f660191d6588947cd34d88ebca4b04b\"},\"headline\":\"Fin de la voiture thermique en 2035\u00a0?\",\"datePublished\":\"2022-07-06T08:28:25+00:00\",\"dateModified\":\"2022-07-20T08:43:37+00:00\",\"mainEntityOfPage\":{\"@id\":\"https:\/\/www.plaqueandgo.com\/blog\/fin-voiture-thermique\/\"},\"wordCount\":503,\"commentCount\":0,\"publisher\":{\"@id\":\"https:\/\/www.plaqueandgo.com\/blog\/#organization\"},\"articleSection\":[\"News\"],\"inLanguage\":\"fr-FR\",\"potentialAction\":[{\"@type\":\"CommentAction\",\"name\":\"Comment\",\"target\":[\"https:\/\/www.plaqueandgo.com\/blog\/fin-voiture-thermique\/#respond\"]}]},{\"@type\":\"WebPage\",\"@id\":\"https:\/\/www.plaqueandgo.com\/blog\/fin-voiture-thermique\/\",\"url\":\"https:\/\/www.plaqueandgo.com\/blog\/fin-voiture-thermique\/\",\"name\":\"Fin de la voiture thermique en 2035 ? | Blog Plaque&Go\",\"isPartOf\":{\"@id\":\"https:\/\/www.plaqueandgo.com\/blog\/#website\"},\"datePublished\":\"2022-07-06T08:28:25+00:00\",\"dateModified\":\"2022-07-20T08:43:37+00:00\",\"description\":\"Les d\u00e9put\u00e9s europ\u00e9ens se sont prononc\u00e9s pour d\u00e9finir la fin de commercialisation de la voiture thermique en 2035.\",\"breadcrumb\":{\"@id\":\"https:\/\/www.plaqueandgo.com\/blog\/fin-voiture-thermique\/#breadcrumb\"},\"inLanguage\":\"fr-FR\",\"potentialAction\":[{\"@type\":\"ReadAction\",\"target\":[\"https:\/\/www.plaqueandgo.com\/blog\/fin-voiture-thermique\/\"]}]},{\"@type\":\"BreadcrumbList\",\"@id\":\"https:\/\/www.plaqueandgo.com\/blog\/fin-voiture-thermique\/#breadcrumb\",\"itemListElement\":[{\"@type\":\"ListItem\",\"position\":1,\"name\":\"Actualit\u00e9 Plaque&amp;Go\",\"item\":\"https:\/\/www.plaqueandgo.com\/blog\/\"},{\"@type\":\"ListItem\",\"position\":2,\"name\":\"Fin de la voiture thermique en 2035\u00a0?\"}]},{\"@type\":\"WebSite\",\"@id\":\"https:\/\/www.plaqueandgo.com\/blog\/#website\",\"url\":\"https:\/\/www.plaqueandgo.com\/blog\/\",\"name\":\"Blog Plaque&amp;Go | Actualit\u00e9s de la plaque d&#039;immatriculation\",\"description\":\"La plaque d&#039;immatriculation qui vous fait voyager\",\"publisher\":{\"@id\":\"https:\/\/www.plaqueandgo.com\/blog\/#organization\"},\"potentialAction\":[{\"@type\":\"SearchAction\",\"target\":{\"@type\":\"EntryPoint\",\"urlTemplate\":\"https:\/\/www.plaqueandgo.com\/blog\/?s={search_term_string}\"},\"query-input\":\"required name=search_term_string\"}],\"inLanguage\":\"fr-FR\"},{\"@type\":\"Organization\",\"@id\":\"https:\/\/www.plaqueandgo.com\/blog\/#organization\",\"name\":\"Plaque&Go\",\"url\":\"https:\/\/www.plaqueandgo.com\/blog\/\",\"logo\":{\"@type\":\"ImageObject\",\"inLanguage\":\"fr-FR\",\"@id\":\"https:\/\/www.plaqueandgo.com\/blog\/#\/schema\/logo\/image\/\",\"url\":\"https:\/\/www.plaqueandgo.com\/blog\/wp-content\/uploads\/2018\/05\/logo-plaque-and-go-mobile.svg\",\"contentUrl\":\"https:\/\/www.plaqueandgo.com\/blog\/wp-content\/uploads\/2018\/05\/logo-plaque-and-go-mobile.svg\",\"width\":406.061,\"height\":197.849,\"caption\":\"Plaque&Go\"},\"image\":{\"@id\":\"https:\/\/www.plaqueandgo.com\/blog\/#\/schema\/logo\/image\/\"},\"sameAs\":[\"https:\/\/www.facebook.com\/PlaqueandGoofficial\/\",\"https:\/\/twitter.com\/PlaqueandGo\",\"https:\/\/www.instagram.com\/plaqueandgo\/\",\"https:\/\/www.pinterest.fr\/PlaqueandGo\/\"]},{\"@type\":\"Person\",\"@id\":\"https:\/\/www.plaqueandgo.com\/blog\/#\/schema\/person\/8f660191d6588947cd34d88ebca4b04b\",\"name\":\"contact@plaqueandgo.com\",\"image\":{\"@type\":\"ImageObject\",\"inLanguage\":\"fr-FR\",\"@id\":\"https:\/\/www.plaqueandgo.com\/blog\/#\/schema\/person\/image\/\",\"url\":\"https:\/\/secure.gravatar.com\/avatar\/16406858407f02e00d0bc01de8d32f71?s=96&d=mm&r=g\",\"contentUrl\":\"https:\/\/secure.gravatar.com\/avatar\/16406858407f02e00d0bc01de8d32f71?s=96&d=mm&r=g\",\"caption\":\"contact@plaqueandgo.com\"},\"url\":\"https:\/\/www.plaqueandgo.com\/blog\/author\/admindedi-agency-com\/\"}]}<\/script>\n<!-- \/ Yoast SEO plugin. -->","yoast_head_json":{"title":"Fin de la voiture thermique en 2035 ? | Blog Plaque&Go","description":"Les d\u00e9put\u00e9s europ\u00e9ens se sont prononc\u00e9s pour d\u00e9finir la fin de commercialisation de la voiture thermique en 2035.","robots":{"index":"index","follow":"follow","max-snippet":"max-snippet:-1","max-image-preview":"max-image-preview:large","max-video-preview":"max-video-preview:-1"},"canonical":"https:\/\/www.plaqueandgo.com\/blog\/fin-voiture-thermique\/","og_locale":"fr_FR","og_type":"article","og_title":"Fin de la voiture thermique en 2035 ? | Blog Plaque&Go","og_description":"Les d\u00e9put\u00e9s europ\u00e9ens se sont prononc\u00e9s pour d\u00e9finir la fin de commercialisation de la voiture thermique en 2035.","og_url":"https:\/\/www.plaqueandgo.com\/blog\/fin-voiture-thermique\/","og_site_name":"Blog Plaque&amp;Go | Actualit\u00e9s de la plaque d&#039;immatriculation","article_publisher":"https:\/\/www.facebook.com\/PlaqueandGoofficial\/","article_published_time":"2022-07-06T08:28:25+00:00","article_modified_time":"2022-07-20T08:43:37+00:00","og_image":[{"width":1080,"height":607,"url":"https:\/\/www.plaqueandgo.com\/blog\/wp-content\/uploads\/2022\/07\/fin-voiture-thermique.jpg","type":"image\/jpeg"}],"author":"contact@plaqueandgo.com","twitter_card":"summary_large_image","twitter_creator":"@PlaqueandGo","twitter_site":"@PlaqueandGo","twitter_misc":{"\u00c9crit par":"contact@plaqueandgo.com","Dur\u00e9e de lecture estim\u00e9e":"3 minutes"},"schema":{"@context":"https:\/\/schema.org","@graph":[{"@type":"Article","@id":"https:\/\/www.plaqueandgo.com\/blog\/fin-voiture-thermique\/#article","isPartOf":{"@id":"https:\/\/www.plaqueandgo.com\/blog\/fin-voiture-thermique\/"},"author":{"name":"contact@plaqueandgo.com","@id":"https:\/\/www.plaqueandgo.com\/blog\/#\/schema\/person\/8f660191d6588947cd34d88ebca4b04b"},"headline":"Fin de la voiture thermique en 2035\u00a0?","datePublished":"2022-07-06T08:28:25+00:00","dateModified":"2022-07-20T08:43:37+00:00","mainEntityOfPage":{"@id":"https:\/\/www.plaqueandgo.com\/blog\/fin-voiture-thermique\/"},"wordCount":503,"commentCount":0,"publisher":{"@id":"https:\/\/www.plaqueandgo.com\/blog\/#organization"},"articleSection":["News"],"inLanguage":"fr-FR","potentialAction":[{"@type":"CommentAction","name":"Comment","target":["https:\/\/www.plaqueandgo.com\/blog\/fin-voiture-thermique\/#respond"]}]},{"@type":"WebPage","@id":"https:\/\/www.plaqueandgo.com\/blog\/fin-voiture-thermique\/","url":"https:\/\/www.plaqueandgo.com\/blog\/fin-voiture-thermique\/","name":"Fin de la voiture thermique en 2035 ? | Blog Plaque&Go","isPartOf":{"@id":"https:\/\/www.plaqueandgo.com\/blog\/#website"},"datePublished":"2022-07-06T08:28:25+00:00","dateModified":"2022-07-20T08:43:37+00:00","description":"Les d\u00e9put\u00e9s europ\u00e9ens se sont prononc\u00e9s pour d\u00e9finir la fin de commercialisation de la voiture thermique en 2035.","breadcrumb":{"@id":"https:\/\/www.plaqueandgo.com\/blog\/fin-voiture-thermique\/#breadcrumb"},"inLanguage":"fr-FR","potentialAction":[{"@type":"ReadAction","target":["https:\/\/www.plaqueandgo.com\/blog\/fin-voiture-thermique\/"]}]},{"@type":"BreadcrumbList","@id":"https:\/\/www.plaqueandgo.com\/blog\/fin-voiture-thermique\/#breadcrumb","itemListElement":[{"@type":"ListItem","position":1,"name":"Actualit\u00e9 Plaque&amp;Go","item":"https:\/\/www.plaqueandgo.com\/blog\/"},{"@type":"ListItem","position":2,"name":"Fin de la voiture thermique en 2035\u00a0?"}]},{"@type":"WebSite","@id":"https:\/\/www.plaqueandgo.com\/blog\/#website","url":"https:\/\/www.plaqueandgo.com\/blog\/","name":"Blog Plaque&amp;Go | Actualit\u00e9s de la plaque d&#039;immatriculation","description":"La plaque d&#039;immatriculation qui vous fait voyager","publisher":{"@id":"https:\/\/www.plaqueandgo.com\/blog\/#organization"},"potentialAction":[{"@type":"SearchAction","target":{"@type":"EntryPoint","urlTemplate":"https:\/\/www.plaqueandgo.com\/blog\/?s={search_term_string}"},"query-input":"required name=search_term_string"}],"inLanguage":"fr-FR"},{"@type":"Organization","@id":"https:\/\/www.plaqueandgo.com\/blog\/#organization","name":"Plaque&Go","url":"https:\/\/www.plaqueandgo.com\/blog\/","logo":{"@type":"ImageObject","inLanguage":"fr-FR","@id":"https:\/\/www.plaqueandgo.com\/blog\/#\/schema\/logo\/image\/","url":"https:\/\/www.plaqueandgo.com\/blog\/wp-content\/uploads\/2018\/05\/logo-plaque-and-go-mobile.svg","contentUrl":"https:\/\/www.plaqueandgo.com\/blog\/wp-content\/uploads\/2018\/05\/logo-plaque-and-go-mobile.svg","width":406.061,"height":197.849,"caption":"Plaque&Go"},"image":{"@id":"https:\/\/www.plaqueandgo.com\/blog\/#\/schema\/logo\/image\/"},"sameAs":["https:\/\/www.facebook.com\/PlaqueandGoofficial\/","https:\/\/twitter.com\/PlaqueandGo","https:\/\/www.instagram.com\/plaqueandgo\/","https:\/\/www.pinterest.fr\/PlaqueandGo\/"]},{"@type":"Person","@id":"https:\/\/www.plaqueandgo.com\/blog\/#\/schema\/person\/8f660191d6588947cd34d88ebca4b04b","name":"contact@plaqueandgo.com","image":{"@type":"ImageObject","inLanguage":"fr-FR","@id":"https:\/\/www.plaqueandgo.com\/blog\/#\/schema\/person\/image\/","url":"https:\/\/secure.gravatar.com\/avatar\/16406858407f02e00d0bc01de8d32f71?s=96&d=mm&r=g","contentUrl":"https:\/\/secure.gravatar.com\/avatar\/16406858407f02e00d0bc01de8d32f71?s=96&d=mm&r=g","caption":"contact@plaqueandgo.com"},"url":"https:\/\/www.plaqueandgo.com\/blog\/author\/admindedi-agency-com\/"}]}},"modified_by":"contact@plaqueandgo.com","jetpack_featured_media_url":"https:\/\/i0.wp.com\/www.plaqueandgo.com\/blog\/wp-content\/uploads\/2022\/07\/fin-voiture-thermique.jpg?fit=1080%2C607&ssl=1","jetpack_sharing_enabled":true,"jetpack_likes_enabled":false,"_links":{"self":[{"href":"https:\/\/www.plaqueandgo.com\/blog\/wp-json\/wp\/v2\/posts\/6961"}],"collection":[{"href":"https:\/\/www.plaqueandgo.com\/blog\/wp-json\/wp\/v2\/posts"}],"about":[{"href":"https:\/\/www.plaqueandgo.com\/blog\/wp-json\/wp\/v2\/types\/post"}],"author":[{"embeddable":true,"href":"https:\/\/www.plaqueandgo.com\/blog\/wp-json\/wp\/v2\/users\/1"}],"replies":[{"embeddable":true,"href":"https:\/\/www.plaqueandgo.com\/blog\/wp-json\/wp\/v2\/comments?post=6961"}],"version-history":[{"count":3,"href":"https:\/\/www.plaqueandgo.com\/blog\/wp-json\/wp\/v2\/posts\/6961\/revisions"}],"predecessor-version":[{"id":6974,"href":"https:\/\/www.plaqueandgo.com\/blog\/wp-json\/wp\/v2\/posts\/6961\/revisions\/6974"}],"wp:featuredmedia":[{"embeddable":true,"href":"https:\/\/www.plaqueandgo.com\/blog\/wp-json\/wp\/v2\/media\/6963"}],"wp:attachment":[{"href":"https:\/\/www.plaqueandgo.com\/blog\/wp-json\/wp\/v2\/media?parent=6961"}],"wp:term":[{"taxonomy":"category","embeddable":true,"href":"https:\/\/www.plaqueandgo.com\/blog\/wp-json\/wp\/v2\/categories?post=6961"},{"taxonomy":"post_tag","embeddable":true,"href":"https:\/\/www.plaqueandgo.com\/blog\/wp-json\/wp\/v2\/tags?post=6961"}],"curies":[{"name":"wp","href":"https:\/\/api.w.org\/{rel}","templated":true}]}}