{"id":6934,"date":"2022-05-24T09:53:14","date_gmt":"2022-05-24T07:53:14","guid":{"rendered":"https:\/\/www.plaqueandgo.com\/blog\/?p=6934"},"modified":"2022-06-10T16:48:23","modified_gmt":"2022-06-10T14:48:23","slug":"boite-noire-voiture","status":"publish","type":"post","link":"https:\/\/www.plaqueandgo.com\/blog\/boite-noire-voiture\/","title":{"rendered":"La bo\u00eete noire devient obligatoire pour les voitures"},"content":{"rendered":"\n<p><a href=\"https:\/\/www.service-public.fr\/particuliers\/actualites\/A15659\" target=\"_blank\" rel=\"noreferrer noopener\">\u00c0 partir du 6 juillet 2022, les nouveaux mod\u00e8les de v\u00e9hicules fabriqu\u00e9s dans l&rsquo;Union europ\u00e9enne doivent \u00eatre \u00e9quip\u00e9s d&rsquo;une bo\u00eete noire europ\u00e9enne.<\/a> Comme pour les avions, ce dispositif permet d\u2019enregistrer diff\u00e9rents param\u00e8tres de conduite en continue. Ainsi, en situation d\u2019accident, ces enregistreurs d\u2019\u00e9v\u00e8nement pourraient aider \u00e0 d\u00e9terminer les responsabilit\u00e9s et le d\u00e9roulement des faits. Celui-ci conserve les donn\u00e9es 30 secondes avant et apr\u00e8s un accident. Les forces de l\u2019ordre pourraient y acc\u00e9der pour savoir ce qui s\u2019est pass\u00e9.<\/p>\n\n\n\n<h2 class=\"wp-block-heading\">Comment fonctionne la bo\u00eete noire&nbsp;?<\/h2>\n\n\n\n<p>Il s\u2019agit d\u2019une puce \u00e9lectronique qui enregistre automatiquement les donn\u00e9es permettant de contextualiser la conduite. Une bo\u00eete noire fonctionne d\u2019une part avec des capteurs internes tels qu\u2019un compas ou un acc\u00e9l\u00e9rom\u00e8tre. D\u2019autre part, la puce sauvegarde des donn\u00e9es propres au v\u00e9hicule.<\/p>\n\n\n\n<h2 class=\"wp-block-heading\">Quelles donn\u00e9es sauvegard\u00e9es par la bo\u00eete noire ?<\/h2>\n\n\n\n<p>Les informations conserv\u00e9es par le logiciel :<\/p>\n\n\n\n<ul><li>La vitesse du v\u00e9hicule ;<\/li><li>Le freinage ;<\/li><li>La position et l\u2019inclinaison du v\u00e9hicule sur la route ;<\/li><li>L\u2019\u00e9tat et le taux d\u2019activation de tous ses syst\u00e8mes de s\u00e9curit\u00e9 ;<\/li><li>Le syst\u00e8me eCall embarqu\u00e9 fond\u00e9 sur le service 112 ;<\/li><li>L\u2019activation des freins ;<\/li><li>Tout autre param\u00e8tre d\u2019entr\u00e9e pertinent des syst\u00e8mes embarqu\u00e9s de s\u00e9curit\u00e9 active et d\u2019\u00e9vitement des accidents.<\/li><\/ul>\n\n\n\n<p>Contrairement aux bo\u00eetes noires pr\u00e9sentes dans les avions, les conversations dans l\u2019habitacle ne sont ni capt\u00e9es, ni conserv\u00e9es. De m\u00eame, ces enregistreurs n&rsquo;acc\u00e8dent pas aux donn\u00e9es relatives aux positions GPS. Enfin, ces donn\u00e9es ne peuvent \u00eatre utilis\u00e9es qu&rsquo;en cas d&rsquo;accident.<\/p>\n\n\n\n<h2 class=\"wp-block-heading\">Qui aura acc\u00e8s aux donn\u00e9es ?<\/h2>\n\n\n\n<p>Seuls les enqu\u00eateurs, les autorit\u00e9s judiciaires ou les instituts de recherche auront acc\u00e8s aux donn\u00e9es de la bo\u00eete noire. Au vue de la protection des donn\u00e9es personnelles, les enregistrements seront par ailleurs totalement anonymis\u00e9es et prot\u00e9g\u00e9es contre toute forme de manipulation ou d\u2019utilisation malveillante. Ainsi, aucun tiers ne pourra avoir acc\u00e8s \u00e0 vos donn\u00e9es, ni un constructeur, ni m\u00eame un assureur.<\/p>\n\n\n\n<h2 class=\"wp-block-heading\">Quand les bo\u00eetes noires seront-elles op\u00e9rationnelles&nbsp;?<\/h2>\n\n\n\n<p>L\u2019installation des bo\u00eetes noires va se r\u00e9aliser en deux temps :<\/p>\n\n\n\n<p>\u00c0 partir de mai 2022 : les constructeurs automobiles devront \u00e9quiper tous les nouveaux v\u00e9hicules homologu\u00e9s dans l\u2019Union europ\u00e9enne ;<\/p>\n\n\n\n<p>En 2024 : les constructeurs devront \u00e9galement \u00e9quiper les voitures homologu\u00e9es avant 2022.<\/p>\n\n\n\n<p>Concr\u00e8tement, les constructeurs disposent donc de 2 ans entre 2022 et 2024 pour \u00e9quiper toutes les voitures disponibles en catalogue, m\u00eame les mod\u00e8les qui n\u2019auraient pas \u00e9volu\u00e9 durant cette p\u00e9riode.<\/p>\n","protected":false},"excerpt":{"rendered":"<p>\u00c0 partir du 6 juillet 2022, les nouveaux mod\u00e8les de v\u00e9hicules fabriqu\u00e9s dans l&rsquo;Union europ\u00e9enne doivent \u00eatre \u00e9quip\u00e9s d&rsquo;une bo\u00eete noire europ\u00e9enne. Comme pour les avions, ce dispositif permet d\u2019enregistrer diff\u00e9rents<\/p>\n\t\t<div class=\"more-link-holder\">\n\t\t\t<a class=\"more-link ghost-button-link\" href=\"https:\/\/www.plaqueandgo.com\/blog\/boite-noire-voiture\/\">Lire la suite<\/a>\n\t\t<\/div>","protected":false},"author":1,"featured_media":6935,"comment_status":"open","ping_status":"closed","sticky":false,"template":"","format":"standard","meta":{"_lmt_disableupdate":"","_lmt_disable":"","jetpack_publicize_message":"","jetpack_is_tweetstorm":false,"jetpack_publicize_feature_enabled":true,"jetpack_social_post_already_shared":true,"jetpack_social_options":{"image_generator_settings":{"template":"highway","enabled":false}}},"categories":[2],"tags":[],"jetpack_publicize_connections":[],"yoast_head":"<!-- This site is optimized with the Yoast SEO plugin v21.7 - https:\/\/yoast.com\/wordpress\/plugins\/seo\/ -->\n<title>Bo\u00eete noire pour voiture | Blog Plaque&amp;Go<\/title>\n<meta name=\"description\" content=\"\u00c0 partir du 6 juillet 2022, les nouveaux v\u00e9hicules fabriqu\u00e9s dans l&#039;Union europ\u00e9enne doivent \u00eatre \u00e9quip\u00e9s d&#039;une bo\u00eete noire europ\u00e9enne.\" \/>\n<meta name=\"robots\" content=\"index, follow, max-snippet:-1, max-image-preview:large, max-video-preview:-1\" \/>\n<link rel=\"canonical\" href=\"https:\/\/www.plaqueandgo.com\/blog\/boite-noire-voiture\/\" \/>\n<meta property=\"og:locale\" content=\"fr_FR\" \/>\n<meta property=\"og:type\" content=\"article\" \/>\n<meta property=\"og:title\" content=\"Bo\u00eete noire pour voiture | Blog Plaque&amp;Go\" \/>\n<meta property=\"og:description\" content=\"\u00c0 partir du 6 juillet 2022, les nouveaux v\u00e9hicules fabriqu\u00e9s dans l&#039;Union europ\u00e9enne doivent \u00eatre \u00e9quip\u00e9s d&#039;une bo\u00eete noire europ\u00e9enne.\" \/>\n<meta property=\"og:url\" content=\"https:\/\/www.plaqueandgo.com\/blog\/boite-noire-voiture\/\" \/>\n<meta property=\"og:site_name\" content=\"Blog Plaque&amp;Go | Actualit\u00e9s de la plaque d&#039;immatriculation\" \/>\n<meta property=\"article:publisher\" content=\"https:\/\/www.facebook.com\/PlaqueandGoofficial\/\" \/>\n<meta property=\"article:published_time\" content=\"2022-05-24T07:53:14+00:00\" \/>\n<meta property=\"article:modified_time\" content=\"2022-06-10T14:48:23+00:00\" \/>\n<meta property=\"og:image\" content=\"https:\/\/www.plaqueandgo.com\/blog\/wp-content\/uploads\/2022\/05\/ACV-Visu-Article-Blog-Boite-Noire.jpg\" \/>\n\t<meta property=\"og:image:width\" content=\"1080\" \/>\n\t<meta property=\"og:image:height\" content=\"600\" \/>\n\t<meta property=\"og:image:type\" content=\"image\/jpeg\" \/>\n<meta name=\"author\" content=\"contact@plaqueandgo.com\" \/>\n<meta name=\"twitter:card\" content=\"summary_large_image\" \/>\n<meta name=\"twitter:creator\" content=\"@PlaqueandGo\" \/>\n<meta name=\"twitter:site\" content=\"@PlaqueandGo\" \/>\n<meta name=\"twitter:label1\" content=\"\u00c9crit par\" \/>\n\t<meta name=\"twitter:data1\" content=\"contact@plaqueandgo.com\" \/>\n\t<meta name=\"twitter:label2\" content=\"Dur\u00e9e de lecture estim\u00e9e\" \/>\n\t<meta name=\"twitter:data2\" content=\"2 minutes\" \/>\n<script type=\"application\/ld+json\" class=\"yoast-schema-graph\">{\"@context\":\"https:\/\/schema.org\",\"@graph\":[{\"@type\":\"Article\",\"@id\":\"https:\/\/www.plaqueandgo.com\/blog\/boite-noire-voiture\/#article\",\"isPartOf\":{\"@id\":\"https:\/\/www.plaqueandgo.com\/blog\/boite-noire-voiture\/\"},\"author\":{\"name\":\"contact@plaqueandgo.com\",\"@id\":\"https:\/\/www.plaqueandgo.com\/blog\/#\/schema\/person\/8f660191d6588947cd34d88ebca4b04b\"},\"headline\":\"La bo\u00eete noire devient obligatoire pour les voitures\",\"datePublished\":\"2022-05-24T07:53:14+00:00\",\"dateModified\":\"2022-06-10T14:48:23+00:00\",\"mainEntityOfPage\":{\"@id\":\"https:\/\/www.plaqueandgo.com\/blog\/boite-noire-voiture\/\"},\"wordCount\":463,\"commentCount\":0,\"publisher\":{\"@id\":\"https:\/\/www.plaqueandgo.com\/blog\/#organization\"},\"articleSection\":[\"News\"],\"inLanguage\":\"fr-FR\",\"potentialAction\":[{\"@type\":\"CommentAction\",\"name\":\"Comment\",\"target\":[\"https:\/\/www.plaqueandgo.com\/blog\/boite-noire-voiture\/#respond\"]}]},{\"@type\":\"WebPage\",\"@id\":\"https:\/\/www.plaqueandgo.com\/blog\/boite-noire-voiture\/\",\"url\":\"https:\/\/www.plaqueandgo.com\/blog\/boite-noire-voiture\/\",\"name\":\"Bo\u00eete noire pour voiture | Blog Plaque&Go\",\"isPartOf\":{\"@id\":\"https:\/\/www.plaqueandgo.com\/blog\/#website\"},\"datePublished\":\"2022-05-24T07:53:14+00:00\",\"dateModified\":\"2022-06-10T14:48:23+00:00\",\"description\":\"\u00c0 partir du 6 juillet 2022, les nouveaux v\u00e9hicules fabriqu\u00e9s dans l'Union europ\u00e9enne doivent \u00eatre \u00e9quip\u00e9s d'une bo\u00eete noire europ\u00e9enne.\",\"breadcrumb\":{\"@id\":\"https:\/\/www.plaqueandgo.com\/blog\/boite-noire-voiture\/#breadcrumb\"},\"inLanguage\":\"fr-FR\",\"potentialAction\":[{\"@type\":\"ReadAction\",\"target\":[\"https:\/\/www.plaqueandgo.com\/blog\/boite-noire-voiture\/\"]}]},{\"@type\":\"BreadcrumbList\",\"@id\":\"https:\/\/www.plaqueandgo.com\/blog\/boite-noire-voiture\/#breadcrumb\",\"itemListElement\":[{\"@type\":\"ListItem\",\"position\":1,\"name\":\"Actualit\u00e9 Plaque&amp;Go\",\"item\":\"https:\/\/www.plaqueandgo.com\/blog\/\"},{\"@type\":\"ListItem\",\"position\":2,\"name\":\"La bo\u00eete noire devient obligatoire pour les voitures\"}]},{\"@type\":\"WebSite\",\"@id\":\"https:\/\/www.plaqueandgo.com\/blog\/#website\",\"url\":\"https:\/\/www.plaqueandgo.com\/blog\/\",\"name\":\"Blog Plaque&amp;Go | Actualit\u00e9s de la plaque d&#039;immatriculation\",\"description\":\"La plaque d&#039;immatriculation qui vous fait voyager\",\"publisher\":{\"@id\":\"https:\/\/www.plaqueandgo.com\/blog\/#organization\"},\"potentialAction\":[{\"@type\":\"SearchAction\",\"target\":{\"@type\":\"EntryPoint\",\"urlTemplate\":\"https:\/\/www.plaqueandgo.com\/blog\/?s={search_term_string}\"},\"query-input\":\"required name=search_term_string\"}],\"inLanguage\":\"fr-FR\"},{\"@type\":\"Organization\",\"@id\":\"https:\/\/www.plaqueandgo.com\/blog\/#organization\",\"name\":\"Plaque&Go\",\"url\":\"https:\/\/www.plaqueandgo.com\/blog\/\",\"logo\":{\"@type\":\"ImageObject\",\"inLanguage\":\"fr-FR\",\"@id\":\"https:\/\/www.plaqueandgo.com\/blog\/#\/schema\/logo\/image\/\",\"url\":\"https:\/\/www.plaqueandgo.com\/blog\/wp-content\/uploads\/2018\/05\/logo-plaque-and-go-mobile.svg\",\"contentUrl\":\"https:\/\/www.plaqueandgo.com\/blog\/wp-content\/uploads\/2018\/05\/logo-plaque-and-go-mobile.svg\",\"width\":406.061,\"height\":197.849,\"caption\":\"Plaque&Go\"},\"image\":{\"@id\":\"https:\/\/www.plaqueandgo.com\/blog\/#\/schema\/logo\/image\/\"},\"sameAs\":[\"https:\/\/www.facebook.com\/PlaqueandGoofficial\/\",\"https:\/\/twitter.com\/PlaqueandGo\",\"https:\/\/www.instagram.com\/plaqueandgo\/\",\"https:\/\/www.pinterest.fr\/PlaqueandGo\/\"]},{\"@type\":\"Person\",\"@id\":\"https:\/\/www.plaqueandgo.com\/blog\/#\/schema\/person\/8f660191d6588947cd34d88ebca4b04b\",\"name\":\"contact@plaqueandgo.com\",\"image\":{\"@type\":\"ImageObject\",\"inLanguage\":\"fr-FR\",\"@id\":\"https:\/\/www.plaqueandgo.com\/blog\/#\/schema\/person\/image\/\",\"url\":\"https:\/\/secure.gravatar.com\/avatar\/16406858407f02e00d0bc01de8d32f71?s=96&d=mm&r=g\",\"contentUrl\":\"https:\/\/secure.gravatar.com\/avatar\/16406858407f02e00d0bc01de8d32f71?s=96&d=mm&r=g\",\"caption\":\"contact@plaqueandgo.com\"},\"url\":\"https:\/\/www.plaqueandgo.com\/blog\/author\/admindedi-agency-com\/\"}]}<\/script>\n<!-- \/ Yoast SEO plugin. -->","yoast_head_json":{"title":"Bo\u00eete noire pour voiture | Blog Plaque&Go","description":"\u00c0 partir du 6 juillet 2022, les nouveaux v\u00e9hicules fabriqu\u00e9s dans l'Union europ\u00e9enne doivent \u00eatre \u00e9quip\u00e9s d'une bo\u00eete noire europ\u00e9enne.","robots":{"index":"index","follow":"follow","max-snippet":"max-snippet:-1","max-image-preview":"max-image-preview:large","max-video-preview":"max-video-preview:-1"},"canonical":"https:\/\/www.plaqueandgo.com\/blog\/boite-noire-voiture\/","og_locale":"fr_FR","og_type":"article","og_title":"Bo\u00eete noire pour voiture | Blog Plaque&Go","og_description":"\u00c0 partir du 6 juillet 2022, les nouveaux v\u00e9hicules fabriqu\u00e9s dans l'Union europ\u00e9enne doivent \u00eatre \u00e9quip\u00e9s d'une bo\u00eete noire europ\u00e9enne.","og_url":"https:\/\/www.plaqueandgo.com\/blog\/boite-noire-voiture\/","og_site_name":"Blog Plaque&amp;Go | Actualit\u00e9s de la plaque d&#039;immatriculation","article_publisher":"https:\/\/www.facebook.com\/PlaqueandGoofficial\/","article_published_time":"2022-05-24T07:53:14+00:00","article_modified_time":"2022-06-10T14:48:23+00:00","og_image":[{"width":1080,"height":600,"url":"https:\/\/www.plaqueandgo.com\/blog\/wp-content\/uploads\/2022\/05\/ACV-Visu-Article-Blog-Boite-Noire.jpg","type":"image\/jpeg"}],"author":"contact@plaqueandgo.com","twitter_card":"summary_large_image","twitter_creator":"@PlaqueandGo","twitter_site":"@PlaqueandGo","twitter_misc":{"\u00c9crit par":"contact@plaqueandgo.com","Dur\u00e9e de lecture estim\u00e9e":"2 minutes"},"schema":{"@context":"https:\/\/schema.org","@graph":[{"@type":"Article","@id":"https:\/\/www.plaqueandgo.com\/blog\/boite-noire-voiture\/#article","isPartOf":{"@id":"https:\/\/www.plaqueandgo.com\/blog\/boite-noire-voiture\/"},"author":{"name":"contact@plaqueandgo.com","@id":"https:\/\/www.plaqueandgo.com\/blog\/#\/schema\/person\/8f660191d6588947cd34d88ebca4b04b"},"headline":"La bo\u00eete noire devient obligatoire pour les voitures","datePublished":"2022-05-24T07:53:14+00:00","dateModified":"2022-06-10T14:48:23+00:00","mainEntityOfPage":{"@id":"https:\/\/www.plaqueandgo.com\/blog\/boite-noire-voiture\/"},"wordCount":463,"commentCount":0,"publisher":{"@id":"https:\/\/www.plaqueandgo.com\/blog\/#organization"},"articleSection":["News"],"inLanguage":"fr-FR","potentialAction":[{"@type":"CommentAction","name":"Comment","target":["https:\/\/www.plaqueandgo.com\/blog\/boite-noire-voiture\/#respond"]}]},{"@type":"WebPage","@id":"https:\/\/www.plaqueandgo.com\/blog\/boite-noire-voiture\/","url":"https:\/\/www.plaqueandgo.com\/blog\/boite-noire-voiture\/","name":"Bo\u00eete noire pour voiture | Blog Plaque&Go","isPartOf":{"@id":"https:\/\/www.plaqueandgo.com\/blog\/#website"},"datePublished":"2022-05-24T07:53:14+00:00","dateModified":"2022-06-10T14:48:23+00:00","description":"\u00c0 partir du 6 juillet 2022, les nouveaux v\u00e9hicules fabriqu\u00e9s dans l'Union europ\u00e9enne doivent \u00eatre \u00e9quip\u00e9s d'une bo\u00eete noire europ\u00e9enne.","breadcrumb":{"@id":"https:\/\/www.plaqueandgo.com\/blog\/boite-noire-voiture\/#breadcrumb"},"inLanguage":"fr-FR","potentialAction":[{"@type":"ReadAction","target":["https:\/\/www.plaqueandgo.com\/blog\/boite-noire-voiture\/"]}]},{"@type":"BreadcrumbList","@id":"https:\/\/www.plaqueandgo.com\/blog\/boite-noire-voiture\/#breadcrumb","itemListElement":[{"@type":"ListItem","position":1,"name":"Actualit\u00e9 Plaque&amp;Go","item":"https:\/\/www.plaqueandgo.com\/blog\/"},{"@type":"ListItem","position":2,"name":"La bo\u00eete noire devient obligatoire pour les voitures"}]},{"@type":"WebSite","@id":"https:\/\/www.plaqueandgo.com\/blog\/#website","url":"https:\/\/www.plaqueandgo.com\/blog\/","name":"Blog Plaque&amp;Go | Actualit\u00e9s de la plaque d&#039;immatriculation","description":"La plaque d&#039;immatriculation qui vous fait voyager","publisher":{"@id":"https:\/\/www.plaqueandgo.com\/blog\/#organization"},"potentialAction":[{"@type":"SearchAction","target":{"@type":"EntryPoint","urlTemplate":"https:\/\/www.plaqueandgo.com\/blog\/?s={search_term_string}"},"query-input":"required name=search_term_string"}],"inLanguage":"fr-FR"},{"@type":"Organization","@id":"https:\/\/www.plaqueandgo.com\/blog\/#organization","name":"Plaque&Go","url":"https:\/\/www.plaqueandgo.com\/blog\/","logo":{"@type":"ImageObject","inLanguage":"fr-FR","@id":"https:\/\/www.plaqueandgo.com\/blog\/#\/schema\/logo\/image\/","url":"https:\/\/www.plaqueandgo.com\/blog\/wp-content\/uploads\/2018\/05\/logo-plaque-and-go-mobile.svg","contentUrl":"https:\/\/www.plaqueandgo.com\/blog\/wp-content\/uploads\/2018\/05\/logo-plaque-and-go-mobile.svg","width":406.061,"height":197.849,"caption":"Plaque&Go"},"image":{"@id":"https:\/\/www.plaqueandgo.com\/blog\/#\/schema\/logo\/image\/"},"sameAs":["https:\/\/www.facebook.com\/PlaqueandGoofficial\/","https:\/\/twitter.com\/PlaqueandGo","https:\/\/www.instagram.com\/plaqueandgo\/","https:\/\/www.pinterest.fr\/PlaqueandGo\/"]},{"@type":"Person","@id":"https:\/\/www.plaqueandgo.com\/blog\/#\/schema\/person\/8f660191d6588947cd34d88ebca4b04b","name":"contact@plaqueandgo.com","image":{"@type":"ImageObject","inLanguage":"fr-FR","@id":"https:\/\/www.plaqueandgo.com\/blog\/#\/schema\/person\/image\/","url":"https:\/\/secure.gravatar.com\/avatar\/16406858407f02e00d0bc01de8d32f71?s=96&d=mm&r=g","contentUrl":"https:\/\/secure.gravatar.com\/avatar\/16406858407f02e00d0bc01de8d32f71?s=96&d=mm&r=g","caption":"contact@plaqueandgo.com"},"url":"https:\/\/www.plaqueandgo.com\/blog\/author\/admindedi-agency-com\/"}]}},"modified_by":"contact@plaqueandgo.com","jetpack_featured_media_url":"https:\/\/i0.wp.com\/www.plaqueandgo.com\/blog\/wp-content\/uploads\/2022\/05\/ACV-Visu-Article-Blog-Boite-Noire.jpg?fit=1080%2C600&ssl=1","jetpack_sharing_enabled":true,"jetpack_likes_enabled":false,"_links":{"self":[{"href":"https:\/\/www.plaqueandgo.com\/blog\/wp-json\/wp\/v2\/posts\/6934"}],"collection":[{"href":"https:\/\/www.plaqueandgo.com\/blog\/wp-json\/wp\/v2\/posts"}],"about":[{"href":"https:\/\/www.plaqueandgo.com\/blog\/wp-json\/wp\/v2\/types\/post"}],"author":[{"embeddable":true,"href":"https:\/\/www.plaqueandgo.com\/blog\/wp-json\/wp\/v2\/users\/1"}],"replies":[{"embeddable":true,"href":"https:\/\/www.plaqueandgo.com\/blog\/wp-json\/wp\/v2\/comments?post=6934"}],"version-history":[{"count":2,"href":"https:\/\/www.plaqueandgo.com\/blog\/wp-json\/wp\/v2\/posts\/6934\/revisions"}],"predecessor-version":[{"id":6939,"href":"https:\/\/www.plaqueandgo.com\/blog\/wp-json\/wp\/v2\/posts\/6934\/revisions\/6939"}],"wp:featuredmedia":[{"embeddable":true,"href":"https:\/\/www.plaqueandgo.com\/blog\/wp-json\/wp\/v2\/media\/6935"}],"wp:attachment":[{"href":"https:\/\/www.plaqueandgo.com\/blog\/wp-json\/wp\/v2\/media?parent=6934"}],"wp:term":[{"taxonomy":"category","embeddable":true,"href":"https:\/\/www.plaqueandgo.com\/blog\/wp-json\/wp\/v2\/categories?post=6934"},{"taxonomy":"post_tag","embeddable":true,"href":"https:\/\/www.plaqueandgo.com\/blog\/wp-json\/wp\/v2\/tags?post=6934"}],"curies":[{"name":"wp","href":"https:\/\/api.w.org\/{rel}","templated":true}]}}