{"id":4998,"date":"2020-07-28T15:23:02","date_gmt":"2020-07-28T13:23:02","guid":{"rendered":"https:\/\/www.plaqueandgo.com\/blog\/?p=4998"},"modified":"2021-12-01T13:38:58","modified_gmt":"2021-12-01T12:38:58","slug":"pourquoi-changer-ses-plaques-immatriculation-mayenne","status":"publish","type":"post","link":"https:\/\/www.plaqueandgo.com\/blog\/pourquoi-changer-ses-plaques-immatriculation-mayenne\/","title":{"rendered":"Pourquoi changer ses plaques d&rsquo;immatriculation Mayenne ?"},"content":{"rendered":"\n<p>En Mayenne dans la r\u00e9gion Val de Loire, le COVID-19 circule activement. Une dizaine de foyers de contamination (cluster) sont recens\u00e9s. L\u2019une des cons\u00e9quences inattendues de ce \u00ab&nbsp;rebond&nbsp;\u00bb du coronavirus, est l\u2019augmentation importante du nombre de changement de plaques d\u2019immatriculation. En effet, par peur des repr\u00e9sailles, les automobilistes de la Mayenne changent de plaques d\u2019immatriculation avant de partir en vacances. Ils souhaitent ainsi faire dispara\u00eetre toute mention au d\u00e9partement dont ils sont originaires et \u00e9viter ainsi certains d\u00e9sagr\u00e9ments.<\/p>\n\n\n\n<h2 class=\"wp-block-heading\">Circulation du Covid-19 en Mayenne<\/h2>\n\n\n\n<p>Situ\u00e9e en r\u00e9gion Val de Loire, le d\u00e9partement de la Mayenne conna\u00eet une recrudescence des cas de COVID-19. Au m\u00eame titre que la Guyane et Mayotte, la Mayenne est plac\u00e9e en \u00ab&nbsp;vuln\u00e9rabilit\u00e9 \u00e9lev\u00e9e&nbsp;\u00bb. Seul d\u00e9partement de la M\u00e9tropole dans cette situation, l\u2019Agence R\u00e9gionale de Sant\u00e9 a \u00e9galement pr\u00e9vu un plan de d\u00e9pistage massif. Cette information, tr\u00e8s m\u00e9diatis\u00e9e a une cons\u00e9quence inattendue et pour le moins insolite. &nbsp;<\/p>\n\n\n\n<h2 class=\"wp-block-heading\">Changer ses plaques d\u2019immatriculation<\/h2>\n\n\n\n<p>En cette p\u00e9riode de vacances scolaires, chacun aspire au calme, \u00e0 la tranquillit\u00e9 et \u00e0 la s\u00e9r\u00e9nit\u00e9. Ainsi, pour \u00e9viter tout risque de stigmatisation ou de repr\u00e9sailles dans leur lieu de vill\u00e9giature, les automobilistes de la Mayenne changent massivement leur plaque d\u2019immatriculation. En effet, l\u2019identifiant territorial, obligatoire sur les plaques d\u2019immatriculation auto, associe num\u00e9ro de d\u00e9partement et logo de la r\u00e9gion correspondante. Pour faire disparaitre toute mention \u00e0 leur origine g\u00e9ographique, les mayennois pr\u00e9f\u00e8rent changer cet identifiant territorial et donc leur plaque d\u2019immatriculation. <\/p>\n\n\n\n<blockquote class=\"wp-block-quote\"><p>Le choix de l\u2019identifiant territorial est libre.Vous pouvez choisir le d\u00e9partement que vous voulez.<\/p><\/blockquote>\n\n\n\n<h2 class=\"wp-block-heading\">Changement d\u2019identifiant territorial<\/h2>\n\n\n\n<p>Pour changer d&rsquo;<a href=\"https:\/\/www.plaqueandgo.com\/blog\/logos-officiels-des-regions-pour-vos-plaques-immatriculation\/\">identifiant territorial<\/a> sur une plaque d&rsquo;immatriculation, il n&rsquo;y a qu&rsquo;une seule fa\u00e7on : changer ses plaques. Ce changement permet ainsi d\u2019\u00e9viter toute stigmatisation des vacanciers provenant de la Mayenne. En effet, lors du confinement, certains parisiens avaient quitt\u00e9s Paris pour rejoindre leur maison \u00e0 la campagne. Certains d&rsquo;entre eux avaient d\u00fb subir des d\u00e9gradations de leur v\u00e9hicule : rayures, r\u00e9troviseurs arrach\u00e9s&#8230; <\/p>\n\n\n\n<blockquote class=\"wp-block-quote\"><p><a href=\"https:\/\/www.plaqueandgo.com\/blog\/plaque-immatriculation-et-autocollant\/\">Il est formellement interdit d\u2019apposer des stickers ou autocollant pour changer l\u2019identifiant territorial de sa plaque d\u2019immatriculation<\/a><\/p><cite>Blog Plaque&amp;Go<\/cite><\/blockquote>\n\n\n\n<p>Afin de passer des vacances au en toute tranquillit\u00e9 et sans d\u00e9gradation de leur v\u00e9hicule, certains automobilistes de Mayenne ont donc choisi de remplacer le num\u00e9ro de d\u00e9partement 53 sur leur plaque. <\/p>\n\n\n\n<div class=\"wp-block-buttons is-content-justification-center is-layout-flex\">\n<div class=\"wp-block-button\"><a class=\"wp-block-button__link has-luminous-vivid-orange-background-color has-background\" href=\"https:\/\/www.plaqueandgo.com\/\">Commandez votre plaque min\u00e9ralogique par d\u00e9partement<\/a><\/div>\n<\/div>\n","protected":false},"excerpt":{"rendered":"<p>En Mayenne dans la r\u00e9gion Val de Loire, le COVID-19 circule activement. Une dizaine de foyers de contamination (cluster) sont recens\u00e9s. L\u2019une des cons\u00e9quences inattendues de ce \u00ab&nbsp;rebond&nbsp;\u00bb du coronavirus, est<\/p>\n\t\t<div class=\"more-link-holder\">\n\t\t\t<a class=\"more-link ghost-button-link\" href=\"https:\/\/www.plaqueandgo.com\/blog\/pourquoi-changer-ses-plaques-immatriculation-mayenne\/\">Lire la suite<\/a>\n\t\t<\/div>","protected":false},"author":7,"featured_media":4999,"comment_status":"open","ping_status":"closed","sticky":false,"template":"","format":"standard","meta":{"_lmt_disableupdate":"no","_lmt_disable":"no","jetpack_publicize_message":"","jetpack_is_tweetstorm":false,"jetpack_publicize_feature_enabled":true,"jetpack_social_post_already_shared":false,"jetpack_social_options":{"image_generator_settings":{"template":"highway","enabled":false}}},"categories":[2],"tags":[],"jetpack_publicize_connections":[],"yoast_head":"<!-- This site is optimized with the Yoast SEO plugin v21.7 - https:\/\/yoast.com\/wordpress\/plugins\/seo\/ -->\n<title>Mayenne Changer ses plaques d&#039;immatriculation | Blog Plaque&amp;Go<\/title>\n<meta name=\"description\" content=\"Pour \u00e9viter tout d\u00e9sagr\u00e9ment sur leur lieux de vacances les automobilistes de Mayenne changent de plaques d&#039;immatriculation.\" \/>\n<meta name=\"robots\" content=\"index, follow, max-snippet:-1, max-image-preview:large, max-video-preview:-1\" \/>\n<link rel=\"canonical\" href=\"https:\/\/www.plaqueandgo.com\/blog\/pourquoi-changer-ses-plaques-immatriculation-mayenne\/\" \/>\n<meta property=\"og:locale\" content=\"fr_FR\" \/>\n<meta property=\"og:type\" content=\"article\" \/>\n<meta property=\"og:title\" content=\"Mayenne Changer ses plaques d&#039;immatriculation | Blog Plaque&amp;Go\" \/>\n<meta property=\"og:description\" content=\"Pour \u00e9viter tout d\u00e9sagr\u00e9ment sur leur lieux de vacances les automobilistes de Mayenne changent de plaques d&#039;immatriculation.\" \/>\n<meta property=\"og:url\" content=\"https:\/\/www.plaqueandgo.com\/blog\/pourquoi-changer-ses-plaques-immatriculation-mayenne\/\" \/>\n<meta property=\"og:site_name\" content=\"Blog Plaque&amp;Go | Actualit\u00e9s de la plaque d&#039;immatriculation\" \/>\n<meta property=\"article:publisher\" content=\"https:\/\/www.facebook.com\/PlaqueandGoofficial\/\" \/>\n<meta property=\"article:published_time\" content=\"2020-07-28T13:23:02+00:00\" \/>\n<meta property=\"article:modified_time\" content=\"2021-12-01T12:38:58+00:00\" \/>\n<meta property=\"og:image\" content=\"https:\/\/www.plaqueandgo.com\/blog\/wp-content\/uploads\/2020\/07\/Vacances-Plaque-Immat-Mayenne-e1600783295301.jpg\" \/>\n\t<meta property=\"og:image:width\" content=\"1080\" \/>\n\t<meta property=\"og:image:height\" content=\"608\" \/>\n\t<meta property=\"og:image:type\" content=\"image\/jpeg\" \/>\n<meta name=\"author\" content=\"Benjamin All\u00e8gre\" \/>\n<meta name=\"twitter:card\" content=\"summary_large_image\" \/>\n<meta name=\"twitter:creator\" content=\"@PlaqueandGo\" \/>\n<meta name=\"twitter:site\" content=\"@PlaqueandGo\" \/>\n<meta name=\"twitter:label1\" content=\"\u00c9crit par\" \/>\n\t<meta name=\"twitter:data1\" content=\"Benjamin All\u00e8gre\" \/>\n\t<meta name=\"twitter:label2\" content=\"Dur\u00e9e de lecture estim\u00e9e\" \/>\n\t<meta name=\"twitter:data2\" content=\"2 minutes\" \/>\n<script type=\"application\/ld+json\" class=\"yoast-schema-graph\">{\"@context\":\"https:\/\/schema.org\",\"@graph\":[{\"@type\":\"Article\",\"@id\":\"https:\/\/www.plaqueandgo.com\/blog\/pourquoi-changer-ses-plaques-immatriculation-mayenne\/#article\",\"isPartOf\":{\"@id\":\"https:\/\/www.plaqueandgo.com\/blog\/pourquoi-changer-ses-plaques-immatriculation-mayenne\/\"},\"author\":{\"name\":\"Benjamin All\u00e8gre\",\"@id\":\"https:\/\/www.plaqueandgo.com\/blog\/#\/schema\/person\/e90d5899c851a101ae9361ae4a6d6395\"},\"headline\":\"Pourquoi changer ses plaques d&rsquo;immatriculation Mayenne ?\",\"datePublished\":\"2020-07-28T13:23:02+00:00\",\"dateModified\":\"2021-12-01T12:38:58+00:00\",\"mainEntityOfPage\":{\"@id\":\"https:\/\/www.plaqueandgo.com\/blog\/pourquoi-changer-ses-plaques-immatriculation-mayenne\/\"},\"wordCount\":445,\"commentCount\":1,\"publisher\":{\"@id\":\"https:\/\/www.plaqueandgo.com\/blog\/#organization\"},\"articleSection\":[\"News\"],\"inLanguage\":\"fr-FR\",\"potentialAction\":[{\"@type\":\"CommentAction\",\"name\":\"Comment\",\"target\":[\"https:\/\/www.plaqueandgo.com\/blog\/pourquoi-changer-ses-plaques-immatriculation-mayenne\/#respond\"]}]},{\"@type\":\"WebPage\",\"@id\":\"https:\/\/www.plaqueandgo.com\/blog\/pourquoi-changer-ses-plaques-immatriculation-mayenne\/\",\"url\":\"https:\/\/www.plaqueandgo.com\/blog\/pourquoi-changer-ses-plaques-immatriculation-mayenne\/\",\"name\":\"Mayenne Changer ses plaques d'immatriculation | Blog Plaque&Go\",\"isPartOf\":{\"@id\":\"https:\/\/www.plaqueandgo.com\/blog\/#website\"},\"datePublished\":\"2020-07-28T13:23:02+00:00\",\"dateModified\":\"2021-12-01T12:38:58+00:00\",\"description\":\"Pour \u00e9viter tout d\u00e9sagr\u00e9ment sur leur lieux de vacances les automobilistes de Mayenne changent de plaques d'immatriculation.\",\"breadcrumb\":{\"@id\":\"https:\/\/www.plaqueandgo.com\/blog\/pourquoi-changer-ses-plaques-immatriculation-mayenne\/#breadcrumb\"},\"inLanguage\":\"fr-FR\",\"potentialAction\":[{\"@type\":\"ReadAction\",\"target\":[\"https:\/\/www.plaqueandgo.com\/blog\/pourquoi-changer-ses-plaques-immatriculation-mayenne\/\"]}]},{\"@type\":\"BreadcrumbList\",\"@id\":\"https:\/\/www.plaqueandgo.com\/blog\/pourquoi-changer-ses-plaques-immatriculation-mayenne\/#breadcrumb\",\"itemListElement\":[{\"@type\":\"ListItem\",\"position\":1,\"name\":\"Actualit\u00e9 Plaque&amp;Go\",\"item\":\"https:\/\/www.plaqueandgo.com\/blog\/\"},{\"@type\":\"ListItem\",\"position\":2,\"name\":\"Pourquoi changer ses plaques d&rsquo;immatriculation Mayenne ?\"}]},{\"@type\":\"WebSite\",\"@id\":\"https:\/\/www.plaqueandgo.com\/blog\/#website\",\"url\":\"https:\/\/www.plaqueandgo.com\/blog\/\",\"name\":\"Blog Plaque&amp;Go | Actualit\u00e9s de la plaque d&#039;immatriculation\",\"description\":\"La plaque d&#039;immatriculation qui vous fait voyager\",\"publisher\":{\"@id\":\"https:\/\/www.plaqueandgo.com\/blog\/#organization\"},\"potentialAction\":[{\"@type\":\"SearchAction\",\"target\":{\"@type\":\"EntryPoint\",\"urlTemplate\":\"https:\/\/www.plaqueandgo.com\/blog\/?s={search_term_string}\"},\"query-input\":\"required name=search_term_string\"}],\"inLanguage\":\"fr-FR\"},{\"@type\":\"Organization\",\"@id\":\"https:\/\/www.plaqueandgo.com\/blog\/#organization\",\"name\":\"Plaque&Go\",\"url\":\"https:\/\/www.plaqueandgo.com\/blog\/\",\"logo\":{\"@type\":\"ImageObject\",\"inLanguage\":\"fr-FR\",\"@id\":\"https:\/\/www.plaqueandgo.com\/blog\/#\/schema\/logo\/image\/\",\"url\":\"https:\/\/www.plaqueandgo.com\/blog\/wp-content\/uploads\/2018\/05\/logo-plaque-and-go-mobile.svg\",\"contentUrl\":\"https:\/\/www.plaqueandgo.com\/blog\/wp-content\/uploads\/2018\/05\/logo-plaque-and-go-mobile.svg\",\"width\":406.061,\"height\":197.849,\"caption\":\"Plaque&Go\"},\"image\":{\"@id\":\"https:\/\/www.plaqueandgo.com\/blog\/#\/schema\/logo\/image\/\"},\"sameAs\":[\"https:\/\/www.facebook.com\/PlaqueandGoofficial\/\",\"https:\/\/twitter.com\/PlaqueandGo\",\"https:\/\/www.instagram.com\/plaqueandgo\/\",\"https:\/\/www.pinterest.fr\/PlaqueandGo\/\"]},{\"@type\":\"Person\",\"@id\":\"https:\/\/www.plaqueandgo.com\/blog\/#\/schema\/person\/e90d5899c851a101ae9361ae4a6d6395\",\"name\":\"Benjamin All\u00e8gre\",\"image\":{\"@type\":\"ImageObject\",\"inLanguage\":\"fr-FR\",\"@id\":\"https:\/\/www.plaqueandgo.com\/blog\/#\/schema\/person\/image\/\",\"url\":\"https:\/\/secure.gravatar.com\/avatar\/d05679abce42aa6400ce332d840a64a6?s=96&d=mm&r=g\",\"contentUrl\":\"https:\/\/secure.gravatar.com\/avatar\/d05679abce42aa6400ce332d840a64a6?s=96&d=mm&r=g\",\"caption\":\"Benjamin All\u00e8gre\"},\"url\":\"https:\/\/www.plaqueandgo.com\/blog\/author\/ballegre\/\"}]}<\/script>\n<!-- \/ Yoast SEO plugin. -->","yoast_head_json":{"title":"Mayenne Changer ses plaques d'immatriculation | Blog Plaque&Go","description":"Pour \u00e9viter tout d\u00e9sagr\u00e9ment sur leur lieux de vacances les automobilistes de Mayenne changent de plaques d'immatriculation.","robots":{"index":"index","follow":"follow","max-snippet":"max-snippet:-1","max-image-preview":"max-image-preview:large","max-video-preview":"max-video-preview:-1"},"canonical":"https:\/\/www.plaqueandgo.com\/blog\/pourquoi-changer-ses-plaques-immatriculation-mayenne\/","og_locale":"fr_FR","og_type":"article","og_title":"Mayenne Changer ses plaques d'immatriculation | Blog Plaque&Go","og_description":"Pour \u00e9viter tout d\u00e9sagr\u00e9ment sur leur lieux de vacances les automobilistes de Mayenne changent de plaques d'immatriculation.","og_url":"https:\/\/www.plaqueandgo.com\/blog\/pourquoi-changer-ses-plaques-immatriculation-mayenne\/","og_site_name":"Blog Plaque&amp;Go | Actualit\u00e9s de la plaque d&#039;immatriculation","article_publisher":"https:\/\/www.facebook.com\/PlaqueandGoofficial\/","article_published_time":"2020-07-28T13:23:02+00:00","article_modified_time":"2021-12-01T12:38:58+00:00","og_image":[{"width":1080,"height":608,"url":"https:\/\/www.plaqueandgo.com\/blog\/wp-content\/uploads\/2020\/07\/Vacances-Plaque-Immat-Mayenne-e1600783295301.jpg","type":"image\/jpeg"}],"author":"Benjamin All\u00e8gre","twitter_card":"summary_large_image","twitter_creator":"@PlaqueandGo","twitter_site":"@PlaqueandGo","twitter_misc":{"\u00c9crit par":"Benjamin All\u00e8gre","Dur\u00e9e de lecture estim\u00e9e":"2 minutes"},"schema":{"@context":"https:\/\/schema.org","@graph":[{"@type":"Article","@id":"https:\/\/www.plaqueandgo.com\/blog\/pourquoi-changer-ses-plaques-immatriculation-mayenne\/#article","isPartOf":{"@id":"https:\/\/www.plaqueandgo.com\/blog\/pourquoi-changer-ses-plaques-immatriculation-mayenne\/"},"author":{"name":"Benjamin All\u00e8gre","@id":"https:\/\/www.plaqueandgo.com\/blog\/#\/schema\/person\/e90d5899c851a101ae9361ae4a6d6395"},"headline":"Pourquoi changer ses plaques d&rsquo;immatriculation Mayenne ?","datePublished":"2020-07-28T13:23:02+00:00","dateModified":"2021-12-01T12:38:58+00:00","mainEntityOfPage":{"@id":"https:\/\/www.plaqueandgo.com\/blog\/pourquoi-changer-ses-plaques-immatriculation-mayenne\/"},"wordCount":445,"commentCount":1,"publisher":{"@id":"https:\/\/www.plaqueandgo.com\/blog\/#organization"},"articleSection":["News"],"inLanguage":"fr-FR","potentialAction":[{"@type":"CommentAction","name":"Comment","target":["https:\/\/www.plaqueandgo.com\/blog\/pourquoi-changer-ses-plaques-immatriculation-mayenne\/#respond"]}]},{"@type":"WebPage","@id":"https:\/\/www.plaqueandgo.com\/blog\/pourquoi-changer-ses-plaques-immatriculation-mayenne\/","url":"https:\/\/www.plaqueandgo.com\/blog\/pourquoi-changer-ses-plaques-immatriculation-mayenne\/","name":"Mayenne Changer ses plaques d'immatriculation | Blog Plaque&Go","isPartOf":{"@id":"https:\/\/www.plaqueandgo.com\/blog\/#website"},"datePublished":"2020-07-28T13:23:02+00:00","dateModified":"2021-12-01T12:38:58+00:00","description":"Pour \u00e9viter tout d\u00e9sagr\u00e9ment sur leur lieux de vacances les automobilistes de Mayenne changent de plaques d'immatriculation.","breadcrumb":{"@id":"https:\/\/www.plaqueandgo.com\/blog\/pourquoi-changer-ses-plaques-immatriculation-mayenne\/#breadcrumb"},"inLanguage":"fr-FR","potentialAction":[{"@type":"ReadAction","target":["https:\/\/www.plaqueandgo.com\/blog\/pourquoi-changer-ses-plaques-immatriculation-mayenne\/"]}]},{"@type":"BreadcrumbList","@id":"https:\/\/www.plaqueandgo.com\/blog\/pourquoi-changer-ses-plaques-immatriculation-mayenne\/#breadcrumb","itemListElement":[{"@type":"ListItem","position":1,"name":"Actualit\u00e9 Plaque&amp;Go","item":"https:\/\/www.plaqueandgo.com\/blog\/"},{"@type":"ListItem","position":2,"name":"Pourquoi changer ses plaques d&rsquo;immatriculation Mayenne ?"}]},{"@type":"WebSite","@id":"https:\/\/www.plaqueandgo.com\/blog\/#website","url":"https:\/\/www.plaqueandgo.com\/blog\/","name":"Blog Plaque&amp;Go | Actualit\u00e9s de la plaque d&#039;immatriculation","description":"La plaque d&#039;immatriculation qui vous fait voyager","publisher":{"@id":"https:\/\/www.plaqueandgo.com\/blog\/#organization"},"potentialAction":[{"@type":"SearchAction","target":{"@type":"EntryPoint","urlTemplate":"https:\/\/www.plaqueandgo.com\/blog\/?s={search_term_string}"},"query-input":"required name=search_term_string"}],"inLanguage":"fr-FR"},{"@type":"Organization","@id":"https:\/\/www.plaqueandgo.com\/blog\/#organization","name":"Plaque&Go","url":"https:\/\/www.plaqueandgo.com\/blog\/","logo":{"@type":"ImageObject","inLanguage":"fr-FR","@id":"https:\/\/www.plaqueandgo.com\/blog\/#\/schema\/logo\/image\/","url":"https:\/\/www.plaqueandgo.com\/blog\/wp-content\/uploads\/2018\/05\/logo-plaque-and-go-mobile.svg","contentUrl":"https:\/\/www.plaqueandgo.com\/blog\/wp-content\/uploads\/2018\/05\/logo-plaque-and-go-mobile.svg","width":406.061,"height":197.849,"caption":"Plaque&Go"},"image":{"@id":"https:\/\/www.plaqueandgo.com\/blog\/#\/schema\/logo\/image\/"},"sameAs":["https:\/\/www.facebook.com\/PlaqueandGoofficial\/","https:\/\/twitter.com\/PlaqueandGo","https:\/\/www.instagram.com\/plaqueandgo\/","https:\/\/www.pinterest.fr\/PlaqueandGo\/"]},{"@type":"Person","@id":"https:\/\/www.plaqueandgo.com\/blog\/#\/schema\/person\/e90d5899c851a101ae9361ae4a6d6395","name":"Benjamin All\u00e8gre","image":{"@type":"ImageObject","inLanguage":"fr-FR","@id":"https:\/\/www.plaqueandgo.com\/blog\/#\/schema\/person\/image\/","url":"https:\/\/secure.gravatar.com\/avatar\/d05679abce42aa6400ce332d840a64a6?s=96&d=mm&r=g","contentUrl":"https:\/\/secure.gravatar.com\/avatar\/d05679abce42aa6400ce332d840a64a6?s=96&d=mm&r=g","caption":"Benjamin All\u00e8gre"},"url":"https:\/\/www.plaqueandgo.com\/blog\/author\/ballegre\/"}]}},"modified_by":"contact@plaqueandgo.com","jetpack_featured_media_url":"https:\/\/i0.wp.com\/www.plaqueandgo.com\/blog\/wp-content\/uploads\/2020\/07\/Vacances-Plaque-Immat-Mayenne-e1600783295301.jpg?fit=1080%2C608&ssl=1","jetpack_sharing_enabled":true,"jetpack_likes_enabled":false,"_links":{"self":[{"href":"https:\/\/www.plaqueandgo.com\/blog\/wp-json\/wp\/v2\/posts\/4998"}],"collection":[{"href":"https:\/\/www.plaqueandgo.com\/blog\/wp-json\/wp\/v2\/posts"}],"about":[{"href":"https:\/\/www.plaqueandgo.com\/blog\/wp-json\/wp\/v2\/types\/post"}],"author":[{"embeddable":true,"href":"https:\/\/www.plaqueandgo.com\/blog\/wp-json\/wp\/v2\/users\/7"}],"replies":[{"embeddable":true,"href":"https:\/\/www.plaqueandgo.com\/blog\/wp-json\/wp\/v2\/comments?post=4998"}],"version-history":[{"count":12,"href":"https:\/\/www.plaqueandgo.com\/blog\/wp-json\/wp\/v2\/posts\/4998\/revisions"}],"predecessor-version":[{"id":6616,"href":"https:\/\/www.plaqueandgo.com\/blog\/wp-json\/wp\/v2\/posts\/4998\/revisions\/6616"}],"wp:featuredmedia":[{"embeddable":true,"href":"https:\/\/www.plaqueandgo.com\/blog\/wp-json\/wp\/v2\/media\/4999"}],"wp:attachment":[{"href":"https:\/\/www.plaqueandgo.com\/blog\/wp-json\/wp\/v2\/media?parent=4998"}],"wp:term":[{"taxonomy":"category","embeddable":true,"href":"https:\/\/www.plaqueandgo.com\/blog\/wp-json\/wp\/v2\/categories?post=4998"},{"taxonomy":"post_tag","embeddable":true,"href":"https:\/\/www.plaqueandgo.com\/blog\/wp-json\/wp\/v2\/tags?post=4998"}],"curies":[{"name":"wp","href":"https:\/\/api.w.org\/{rel}","templated":true}]}}