{"id":3452,"date":"2019-10-30T12:11:54","date_gmt":"2019-10-30T11:11:54","guid":{"rendered":"https:\/\/www.plaqueandgo.com\/blog\/?p=3452"},"modified":"2021-12-01T14:43:55","modified_gmt":"2021-12-01T13:43:55","slug":"plaqueandgo-direction-la-region-bourgogne-franche-comte","status":"publish","type":"post","link":"https:\/\/www.plaqueandgo.com\/blog\/plaqueandgo-direction-la-region-bourgogne-franche-comte\/","title":{"rendered":"Personnaliser votre plaque d&rsquo;immatriculation Bourgogne-Franche-Comt\u00e9"},"content":{"rendered":"\n<p>Pour tous ceux qui souhaitent personnaliser leur plaque d&rsquo;immatriculation avec le logo de la r\u00e9gion Bourgogne-Franche-Comt\u00e9 : C\u2019est parti pour un nouveau voyage autour de nos r\u00e9gions de France. Cette semaine nous partons du c\u00f4t\u00e9 quart nord-est de la France. Avec ses 47 784 km\u00b2, cette r\u00e9gion a h\u00e2te de vous faire d\u00e9couvrir la diversit\u00e9 de ses paysages et de vous faire go\u00fbter ses sp\u00e9cialit\u00e9s gastronomiques. Vous \u00eates pr\u00eats ?! Plaque&amp;Go direction la r\u00e9gion Bourgogne-Franche-Comt\u00e9 !<\/p>\n\n\n\n<h2 class=\"wp-block-heading\">Quel logo pour les plaques d\u2019immatriculation de la r\u00e9gion Bourgogne-Franche-Comt\u00e9 ?<\/h2>\n\n\n\n<p>Dans un premier temps, nous vous pr\u00e9sentons \u00e0 gauche l\u2019ancien logo de la r\u00e9gion Bourgogne, qui repr\u00e9sentait un \u00ab B \u00bb, premi\u00e8re lettre de la r\u00e9gion. En plus de cette lettre, la r\u00e9gion affichait fi\u00e8rement les couleurs de ses armoiries.<\/p>\n\n\n\n<p>Quant au logo de la Franche-Comt\u00e9, aux couleurs bleu blanc et rouge, il repr\u00e9sentait la France avec en bleu une d\u00e9coupe de la r\u00e9gion de la Franche Comt\u00e9.<\/p>\n\n\n\n<div class=\"wp-block-image\"><figure class=\"aligncenter\"><img decoding=\"async\" loading=\"lazy\" width=\"496\" height=\"163\" src=\"https:\/\/i0.wp.com\/www.plaqueandgo.com\/blog\/wp-content\/uploads\/2019\/10\/bourgogne-franche-comte.png?resize=496%2C163&#038;ssl=1\" alt=\"Anciens logos des r\u00e9gions Bourgogne et Franche-Comt\u00e9\" class=\"wp-image-3453\" srcset=\"https:\/\/i0.wp.com\/www.plaqueandgo.com\/blog\/wp-content\/uploads\/2019\/10\/bourgogne-franche-comte.png?w=496&amp;ssl=1 496w, https:\/\/i0.wp.com\/www.plaqueandgo.com\/blog\/wp-content\/uploads\/2019\/10\/bourgogne-franche-comte.png?resize=300%2C99&amp;ssl=1 300w\" sizes=\"(max-width: 496px) 100vw, 496px\" data-recalc-dims=\"1\" \/><\/figure><\/div>\n\n\n\n<p>Par la suite, la r\u00e9gion de Bourgogne et la r\u00e9gion de Franche-Comt\u00e9 ont \u00e9t\u00e9 rassembl\u00e9es apr\u00e8s le red\u00e9coupage des r\u00e9gions en 2015. La nouvelle r\u00e9gion de Bourgogne-Franche-Comt\u00e9 est ainsi n\u00e9e ! En cons\u00e9quence, il lui fallait imaginer un nouveau logo qui pourrait refl\u00e9ter son identit\u00e9.<\/p>\n\n\n\n<p>Et c\u2019est finalement le 24 novembre 2016 que la r\u00e9gion mit au jour sa nouvelle cr\u00e9ation. De couleur noir et jaune, les tirets repr\u00e9sentent les accents et traits d\u2019union des anciennes r\u00e9gions, la r\u00e9gion Bourgogne et la Franche-Comt\u00e9. <\/p>\n\n\n\n<div class=\"wp-block-image\"><figure class=\"aligncenter\"><img decoding=\"async\" loading=\"lazy\" width=\"600\" height=\"146\" src=\"https:\/\/i0.wp.com\/www.plaqueandgo.com\/blog\/wp-content\/uploads\/2019\/10\/region-bourgogne.png?resize=600%2C146&#038;ssl=1\" alt=\"Cr\u00e9ation du logo de la r\u00e9gion Franche-Comt\u00e9\" class=\"wp-image-3454\" srcset=\"https:\/\/i0.wp.com\/www.plaqueandgo.com\/blog\/wp-content\/uploads\/2019\/10\/region-bourgogne.png?w=600&amp;ssl=1 600w, https:\/\/i0.wp.com\/www.plaqueandgo.com\/blog\/wp-content\/uploads\/2019\/10\/region-bourgogne.png?resize=300%2C73&amp;ssl=1 300w\" sizes=\"(max-width: 600px) 100vw, 600px\" data-recalc-dims=\"1\" \/><\/figure><\/div>\n\n\n\n<p>Pour les plaques d\u2019immatriculation la r\u00e9gion a opt\u00e9 pour un fond totalement jaune faisant ressortir les caract\u00e8res gras et noirs de la police.<\/p>\n\n\n\n<div class=\"wp-block-image\"><figure class=\"aligncenter is-resized\"><img decoding=\"async\" loading=\"lazy\" src=\"https:\/\/i0.wp.com\/www.plaqueandgo.com\/blog\/wp-content\/uploads\/2019\/10\/logo-franche-comte.png?resize=141%2C141&#038;ssl=1\" alt=\"Logo de la r\u00e9gion Franche-Comt\u00e9\" class=\"wp-image-3455\" width=\"141\" height=\"141\" data-recalc-dims=\"1\" \/><\/figure><\/div>\n\n\n\n<p>Cependant, apr\u00e8s de nombreuses plaintes concernant le design de ce logo, le Conseil R\u00e9gional d\u00e9cida d\u2019en d\u00e9finir un nouveau pour les plaques d\u2019immatriculation. En effet, sur celui-ci, l\u2019identit\u00e9 r\u00e9gionale est repr\u00e9sent\u00e9e par les armoiries des deux anciennes r\u00e9gions. <\/p>\n\n\n\n<div class=\"wp-block-image\"><figure class=\"aligncenter size-large\"><img decoding=\"async\" loading=\"lazy\" width=\"400\" height=\"400\" src=\"https:\/\/i0.wp.com\/www.plaqueandgo.com\/blog\/wp-content\/uploads\/2020\/08\/Bourgogne-Franche-Comte.jpg?resize=400%2C400&#038;ssl=1\" alt=\"\" class=\"wp-image-5242\" srcset=\"https:\/\/i0.wp.com\/www.plaqueandgo.com\/blog\/wp-content\/uploads\/2020\/08\/Bourgogne-Franche-Comte.jpg?w=400&amp;ssl=1 400w, https:\/\/i0.wp.com\/www.plaqueandgo.com\/blog\/wp-content\/uploads\/2020\/08\/Bourgogne-Franche-Comte.jpg?resize=150%2C150&amp;ssl=1 150w\" sizes=\"(max-width: 400px) 100vw, 400px\" data-recalc-dims=\"1\" \/><\/figure><\/div>\n\n\n\n<h2 class=\"wp-block-heading\">Quels sont les immanquables de la r\u00e9gion Bourgogne-Franche-Comt\u00e9 ?<\/h2>\n\n\n\n<div class=\"wp-block-image\"><figure class=\"aligncenter\"><img decoding=\"async\" loading=\"lazy\" width=\"400\" height=\"250\" src=\"https:\/\/i0.wp.com\/www.plaqueandgo.com\/blog\/wp-content\/uploads\/2019\/10\/territoire-belfort.png?resize=400%2C250&#038;ssl=1\" alt=\"Territoire de Belford\" class=\"wp-image-3459\" srcset=\"https:\/\/i0.wp.com\/www.plaqueandgo.com\/blog\/wp-content\/uploads\/2019\/10\/territoire-belfort.png?w=400&amp;ssl=1 400w, https:\/\/i0.wp.com\/www.plaqueandgo.com\/blog\/wp-content\/uploads\/2019\/10\/territoire-belfort.png?resize=300%2C188&amp;ssl=1 300w\" sizes=\"(max-width: 400px) 100vw, 400px\" data-recalc-dims=\"1\" \/><\/figure><\/div>\n\n\n\n<p>Tout d&rsquo;abord, nous commen\u00e7ons par un peu d\u2019histoire avec le <strong>territoire de Belfort<\/strong>, qui s\u2019av\u00e8re \u00eatre l\u2019un des plus petits d\u00e9partements de France ! Vous y serez accueilli par ce lion g\u00e9ant de 4 m\u00e8tres qui symbolise la r\u00e9sistance des d\u00e9fenseurs de Belfort au si\u00e8ge des Prussiens en 1870-1871 ; une sculpture embl\u00e9matique \u00e0 ne pas manquer tant pas son symbole que par sa grandeur ! <\/p>\n\n\n\n<div class=\"wp-block-image\"><figure class=\"aligncenter\"><img decoding=\"async\" loading=\"lazy\" width=\"400\" height=\"250\" src=\"https:\/\/i0.wp.com\/www.plaqueandgo.com\/blog\/wp-content\/uploads\/2019\/10\/beaune.png?resize=400%2C250&#038;ssl=1\" alt=\"Beaune\" class=\"wp-image-3460\" srcset=\"https:\/\/i0.wp.com\/www.plaqueandgo.com\/blog\/wp-content\/uploads\/2019\/10\/beaune.png?w=400&amp;ssl=1 400w, https:\/\/i0.wp.com\/www.plaqueandgo.com\/blog\/wp-content\/uploads\/2019\/10\/beaune.png?resize=300%2C188&amp;ssl=1 300w\" sizes=\"(max-width: 400px) 100vw, 400px\" data-recalc-dims=\"1\" \/><\/figure><\/div>\n\n\n\n<p>Et voici <strong>Beaune<\/strong>, ville situ\u00e9e \u00e0 environ 40 km de Dijon. Ses hospices, ses pav\u00e9s et de ses cours int\u00e9rieures vous plongeront dans le pass\u00e9. Amateur de vin ? Cette ville vous int\u00e9ressera d\u2019autant plus ! Nous vous laisserons donc d\u00e9couvrir le <strong>mus\u00e9e du vin de Bourgogne<\/strong>, ou encore les nombreuses d\u00e9gustations et visites des caves de la r\u00e9gion.<\/p>\n\n\n\n<p>Par ailleurs, notez d\u2019autres arr\u00eats incontournables, comme la <strong>basilique Sainte-Marie-Madeleine<\/strong> \u00e0 V\u00e9zelay ou encore le <strong>mus\u00e9e des Beaux-Arts<\/strong> \u00e0 Dijon par exemple. Partagez avec nous en commentaires vos meilleurs souvenirs de la r\u00e9gion ! <\/p>\n\n\n\n<p>D\u00e9couvrez d&rsquo;autres <a href=\"https:\/\/www.bourgognefranchecomte.com\/\">exp\u00e9riences incontournables \u00e0 faire en Bourgogne-Franche-Comt\u00e9<\/a>.<\/p>\n\n\n\n<h2 class=\"wp-block-heading\">Notre s\u00e9lection de sp\u00e9cialit\u00e9s culinaires de la r\u00e9gion Bourgogne-Franche-Comt\u00e9 <\/h2>\n\n\n\n<p>Toutes ces visites vous ont s\u00fbrement ouvert l\u2019app\u00e9tit ! Lorsque l&rsquo;on pense \u00e0 la cuisine traditionnelle de la R\u00e9gion Bourgogne-Franche-Comt\u00e9, on imagine forc\u00e9ment le tr\u00e8s c\u00e9l\u00e8bre boeuf Bourguignon. Un plat tellement typique qu&rsquo;il n&rsquo;est presque plus besoin de le pr\u00e9senter. Avec Plaque&amp;Go, allons \u00e0 la rencontre de plats plus m\u00e9connus du grand public !<\/p>\n\n\n\n<h3 class=\"wp-block-heading\">La P\u00f4chouse<\/h3>\n\n\n\n<p>Une des recettes traditionnelles de la cuisine bourguignonne et franc-comtoise. Elle est r\u00e9alis\u00e9e \u00e0 base de poissons (souvent 3 esp\u00e8ces de poissons) d&rsquo;eau douce ainsi que d&rsquo;une d\u00e9licieuse sauce r\u00e9alis\u00e9e \u00e0 partir de vin blanc.  <\/p>\n\n\n\n<div class=\"wp-block-image\"><figure class=\"aligncenter\"><img decoding=\"async\" loading=\"lazy\" width=\"400\" height=\"203\" src=\"https:\/\/i0.wp.com\/www.plaqueandgo.com\/blog\/wp-content\/uploads\/2019\/10\/pochouse.png?resize=400%2C203&#038;ssl=1\" alt=\"La P\u00f4chouse\" class=\"wp-image-3461\" srcset=\"https:\/\/i0.wp.com\/www.plaqueandgo.com\/blog\/wp-content\/uploads\/2019\/10\/pochouse.png?w=400&amp;ssl=1 400w, https:\/\/i0.wp.com\/www.plaqueandgo.com\/blog\/wp-content\/uploads\/2019\/10\/pochouse.png?resize=300%2C152&amp;ssl=1 300w\" sizes=\"(max-width: 400px) 100vw, 400px\" data-recalc-dims=\"1\" \/><\/figure><\/div>\n\n\n\n<h3 class=\"wp-block-heading\">La cro\u00fbte aux morilles<\/h3>\n\n\n\n<p>Plat typique du Jura, il s\u2019agit d\u2019un mets riche et savoureux \u00e0 base de cr\u00e8me et de morilles, comme l\u2019indique son nom. Et \u00e9videmment, le tout servi avec d\u2019\u00e9paisses tranches de pain de campagne.<\/p>\n\n\n\n<div class=\"wp-block-image\"><figure class=\"aligncenter\"><img decoding=\"async\" loading=\"lazy\" width=\"400\" height=\"200\" src=\"https:\/\/i0.wp.com\/www.plaqueandgo.com\/blog\/wp-content\/uploads\/2019\/10\/croute-morilles.png?resize=400%2C200&#038;ssl=1\" alt=\"La cro\u00fbte aux morilles\" class=\"wp-image-3462\" srcset=\"https:\/\/i0.wp.com\/www.plaqueandgo.com\/blog\/wp-content\/uploads\/2019\/10\/croute-morilles.png?w=400&amp;ssl=1 400w, https:\/\/i0.wp.com\/www.plaqueandgo.com\/blog\/wp-content\/uploads\/2019\/10\/croute-morilles.png?resize=300%2C150&amp;ssl=1 300w\" sizes=\"(max-width: 400px) 100vw, 400px\" data-recalc-dims=\"1\" \/><\/figure><\/div>\n\n\n\n<h3 class=\"wp-block-heading\">Goug\u00e8res<\/h3>\n\n\n\n<p>Servies en ap\u00e9ritif ou en accompagnement de l\u2019entr\u00e9e, ces petits choux au fromage sauront ouvrir vos papilles avant le repas. De plus, il semblerait qu\u2019elles adorent \u00eatre accompagn\u00e9es d\u2019un vin rouge ou blanc, selon vos pr\u00e9f\u00e9rences !<\/p>\n\n\n\n<div class=\"wp-block-image\"><figure class=\"aligncenter\"><img decoding=\"async\" loading=\"lazy\" width=\"400\" height=\"200\" src=\"https:\/\/i0.wp.com\/www.plaqueandgo.com\/blog\/wp-content\/uploads\/2019\/10\/gougere-1.png?resize=400%2C200&#038;ssl=1\" alt=\"Goug\u00e8res\" class=\"wp-image-3464\" srcset=\"https:\/\/i0.wp.com\/www.plaqueandgo.com\/blog\/wp-content\/uploads\/2019\/10\/gougere-1.png?w=400&amp;ssl=1 400w, https:\/\/i0.wp.com\/www.plaqueandgo.com\/blog\/wp-content\/uploads\/2019\/10\/gougere-1.png?resize=300%2C150&amp;ssl=1 300w\" sizes=\"(max-width: 400px) 100vw, 400px\" data-recalc-dims=\"1\" \/><\/figure><\/div>\n\n\n\n<h2 class=\"wp-block-heading\">Identifiant territorial pour la r\u00e9gion Bourgogne-Franche-Comt\u00e9<\/h2>\n\n\n\n<p>Quels sont les num\u00e9ros des d\u00e9partements qui se cachent derri\u00e8re les plaques d\u2019immatriculation de la r\u00e9gion Bourgogne Franche Comt\u00e9 ?<\/p>\n\n\n\n<figure class=\"wp-block-image size-full\"><img decoding=\"async\" loading=\"lazy\" width=\"600\" height=\"400\" src=\"https:\/\/i0.wp.com\/www.plaqueandgo.com\/blog\/wp-content\/uploads\/2020\/09\/Departements-Bourgogne-Franche-Comte.jpg?resize=600%2C400&#038;ssl=1\" alt=\"D\u00e9partements de la r\u00e9gion Bourgogne Franche Comt\u00e9\" class=\"wp-image-5643\" srcset=\"https:\/\/i0.wp.com\/www.plaqueandgo.com\/blog\/wp-content\/uploads\/2020\/09\/Departements-Bourgogne-Franche-Comte.jpg?w=600&amp;ssl=1 600w, https:\/\/i0.wp.com\/www.plaqueandgo.com\/blog\/wp-content\/uploads\/2020\/09\/Departements-Bourgogne-Franche-Comte.jpg?resize=400%2C267&amp;ssl=1 400w\" sizes=\"(max-width: 600px) 100vw, 600px\" data-recalc-dims=\"1\" \/><\/figure>\n\n\n\n<ul><li>C\u00f4te-d\u2019Or <strong>21<\/strong>                    <\/li><li>Doubs <strong>25<\/strong><\/li><li>Jura <strong>39<\/strong>                             <\/li><li>Ni\u00e8vre <strong>58<\/strong><\/li><li>Haute-Sa\u00f4ne <strong>70<\/strong>               <\/li><li>Sa\u00f4ne-et-Loire <strong>71<\/strong><\/li><li>Yonne <strong>89<\/strong>                        <\/li><li>Territoire-de-Belfort <strong>90<\/strong><\/li><\/ul>\n\n\n\n<p>Et voil\u00e0, notre tour de la r\u00e9gion se termine ! N\u2019h\u00e9sitez pas \u00e0 nous faire part de vos coups de c\u0153ur de la r\u00e9gion Bourgogne-Franche-Comt\u00e9 en commentaire !<\/p>\n\n\n\n<p>Fiers de votre r\u00e9gion Bourgogne-Franche-Comt\u00e9 et de ses armoiries ? Plaque&amp;Go vous propose un large choix de plaques d\u2019immatriculation. Alors, n\u2019h\u00e9sitez pas \u00e0 afficher vos couleurs r\u00e9gionales ! <\/p>\n\n\n\n<p>A tr\u00e8s bient\u00f4t pour un nouveau voyage au c\u0153ur du territoire ! <\/p>\n\n\n\n<div class=\"wp-block-buttons is-content-justification-center is-layout-flex\">\n<div class=\"wp-block-button\"><a class=\"wp-block-button__link has-vivid-cyan-blue-background-color has-background\">Votre plaque immatriculation Bourgogne-Franche-Comt\u00e9<\/a><\/div>\n<\/div>\n\n\n\n<p><\/p>\n","protected":false},"excerpt":{"rendered":"<p>Pour tous ceux qui souhaitent personnaliser leur plaque d&rsquo;immatriculation avec le logo de la r\u00e9gion Bourgogne-Franche-Comt\u00e9 : C\u2019est parti pour un nouveau voyage autour de nos r\u00e9gions de France. Cette semaine<\/p>\n\t\t<div class=\"more-link-holder\">\n\t\t\t<a class=\"more-link ghost-button-link\" href=\"https:\/\/www.plaqueandgo.com\/blog\/plaqueandgo-direction-la-region-bourgogne-franche-comte\/\">Lire la suite<\/a>\n\t\t<\/div>","protected":false},"author":1,"featured_media":5219,"comment_status":"open","ping_status":"open","sticky":false,"template":"","format":"standard","meta":{"_lmt_disableupdate":"no","_lmt_disable":"no","jetpack_publicize_message":"","jetpack_is_tweetstorm":false,"jetpack_publicize_feature_enabled":true,"jetpack_social_post_already_shared":false,"jetpack_social_options":{"image_generator_settings":{"template":"highway","enabled":false}}},"categories":[3],"tags":[],"jetpack_publicize_connections":[],"yoast_head":"<!-- This site is optimized with the Yoast SEO plugin v21.7 - https:\/\/yoast.com\/wordpress\/plugins\/seo\/ -->\n<title>Plaque d&#039;Immatriculation Bourgogne Franche Comt\u00e9 | Blog Plaque&amp;Go<\/title>\n<meta name=\"description\" content=\"Envie de personnaliser votre plaque d&#039;immatriculation au couleur de la la r\u00e9gion Bourgogne-Franche-Comt\u00e9. Suivez le guide !\" \/>\n<meta name=\"robots\" content=\"index, follow, max-snippet:-1, max-image-preview:large, max-video-preview:-1\" \/>\n<link rel=\"canonical\" href=\"https:\/\/www.plaqueandgo.com\/blog\/plaqueandgo-direction-la-region-bourgogne-franche-comte\/\" \/>\n<meta property=\"og:locale\" content=\"fr_FR\" \/>\n<meta property=\"og:type\" content=\"article\" \/>\n<meta property=\"og:title\" content=\"Plaque d&#039;Immatriculation Bourgogne Franche Comt\u00e9 | Blog Plaque&amp;Go\" \/>\n<meta property=\"og:description\" content=\"Envie de personnaliser votre plaque d&#039;immatriculation au couleur de la la r\u00e9gion Bourgogne-Franche-Comt\u00e9. Suivez le guide !\" \/>\n<meta property=\"og:url\" content=\"https:\/\/www.plaqueandgo.com\/blog\/plaqueandgo-direction-la-region-bourgogne-franche-comte\/\" \/>\n<meta property=\"og:site_name\" content=\"Blog Plaque&amp;Go | Actualit\u00e9s de la plaque d&#039;immatriculation\" \/>\n<meta property=\"article:publisher\" content=\"https:\/\/www.facebook.com\/PlaqueandGoofficial\/\" \/>\n<meta property=\"article:published_time\" content=\"2019-10-30T11:11:54+00:00\" \/>\n<meta property=\"article:modified_time\" content=\"2021-12-01T13:43:55+00:00\" \/>\n<meta property=\"og:image\" content=\"https:\/\/www.plaqueandgo.com\/blog\/wp-content\/uploads\/2019\/10\/Visu-Bourgogne-Franch-Comte.jpg\" \/>\n\t<meta property=\"og:image:width\" content=\"1920\" \/>\n\t<meta property=\"og:image:height\" content=\"1080\" \/>\n\t<meta property=\"og:image:type\" content=\"image\/jpeg\" \/>\n<meta name=\"author\" content=\"contact@plaqueandgo.com\" \/>\n<meta name=\"twitter:card\" content=\"summary_large_image\" \/>\n<meta name=\"twitter:creator\" content=\"@PlaqueandGo\" \/>\n<meta name=\"twitter:site\" content=\"@PlaqueandGo\" \/>\n<meta name=\"twitter:label1\" content=\"\u00c9crit par\" \/>\n\t<meta name=\"twitter:data1\" content=\"contact@plaqueandgo.com\" \/>\n\t<meta name=\"twitter:label2\" content=\"Dur\u00e9e de lecture estim\u00e9e\" \/>\n\t<meta name=\"twitter:data2\" content=\"6 minutes\" \/>\n<script type=\"application\/ld+json\" class=\"yoast-schema-graph\">{\"@context\":\"https:\/\/schema.org\",\"@graph\":[{\"@type\":\"Article\",\"@id\":\"https:\/\/www.plaqueandgo.com\/blog\/plaqueandgo-direction-la-region-bourgogne-franche-comte\/#article\",\"isPartOf\":{\"@id\":\"https:\/\/www.plaqueandgo.com\/blog\/plaqueandgo-direction-la-region-bourgogne-franche-comte\/\"},\"author\":{\"name\":\"contact@plaqueandgo.com\",\"@id\":\"https:\/\/www.plaqueandgo.com\/blog\/#\/schema\/person\/8f660191d6588947cd34d88ebca4b04b\"},\"headline\":\"Personnaliser votre plaque d&rsquo;immatriculation Bourgogne-Franche-Comt\u00e9\",\"datePublished\":\"2019-10-30T11:11:54+00:00\",\"dateModified\":\"2021-12-01T13:43:55+00:00\",\"mainEntityOfPage\":{\"@id\":\"https:\/\/www.plaqueandgo.com\/blog\/plaqueandgo-direction-la-region-bourgogne-franche-comte\/\"},\"wordCount\":869,\"commentCount\":0,\"publisher\":{\"@id\":\"https:\/\/www.plaqueandgo.com\/blog\/#organization\"},\"articleSection\":[\"Voyages\"],\"inLanguage\":\"fr-FR\",\"potentialAction\":[{\"@type\":\"CommentAction\",\"name\":\"Comment\",\"target\":[\"https:\/\/www.plaqueandgo.com\/blog\/plaqueandgo-direction-la-region-bourgogne-franche-comte\/#respond\"]}]},{\"@type\":\"WebPage\",\"@id\":\"https:\/\/www.plaqueandgo.com\/blog\/plaqueandgo-direction-la-region-bourgogne-franche-comte\/\",\"url\":\"https:\/\/www.plaqueandgo.com\/blog\/plaqueandgo-direction-la-region-bourgogne-franche-comte\/\",\"name\":\"Plaque d'Immatriculation Bourgogne Franche Comt\u00e9 | Blog Plaque&Go\",\"isPartOf\":{\"@id\":\"https:\/\/www.plaqueandgo.com\/blog\/#website\"},\"datePublished\":\"2019-10-30T11:11:54+00:00\",\"dateModified\":\"2021-12-01T13:43:55+00:00\",\"description\":\"Envie de personnaliser votre plaque d'immatriculation au couleur de la la r\u00e9gion Bourgogne-Franche-Comt\u00e9. Suivez le guide !\",\"breadcrumb\":{\"@id\":\"https:\/\/www.plaqueandgo.com\/blog\/plaqueandgo-direction-la-region-bourgogne-franche-comte\/#breadcrumb\"},\"inLanguage\":\"fr-FR\",\"potentialAction\":[{\"@type\":\"ReadAction\",\"target\":[\"https:\/\/www.plaqueandgo.com\/blog\/plaqueandgo-direction-la-region-bourgogne-franche-comte\/\"]}]},{\"@type\":\"BreadcrumbList\",\"@id\":\"https:\/\/www.plaqueandgo.com\/blog\/plaqueandgo-direction-la-region-bourgogne-franche-comte\/#breadcrumb\",\"itemListElement\":[{\"@type\":\"ListItem\",\"position\":1,\"name\":\"Actualit\u00e9 Plaque&amp;Go\",\"item\":\"https:\/\/www.plaqueandgo.com\/blog\/\"},{\"@type\":\"ListItem\",\"position\":2,\"name\":\"Personnaliser votre plaque d&rsquo;immatriculation Bourgogne-Franche-Comt\u00e9\"}]},{\"@type\":\"WebSite\",\"@id\":\"https:\/\/www.plaqueandgo.com\/blog\/#website\",\"url\":\"https:\/\/www.plaqueandgo.com\/blog\/\",\"name\":\"Blog Plaque&amp;Go | Actualit\u00e9s de la plaque d&#039;immatriculation\",\"description\":\"La plaque d&#039;immatriculation qui vous fait voyager\",\"publisher\":{\"@id\":\"https:\/\/www.plaqueandgo.com\/blog\/#organization\"},\"potentialAction\":[{\"@type\":\"SearchAction\",\"target\":{\"@type\":\"EntryPoint\",\"urlTemplate\":\"https:\/\/www.plaqueandgo.com\/blog\/?s={search_term_string}\"},\"query-input\":\"required name=search_term_string\"}],\"inLanguage\":\"fr-FR\"},{\"@type\":\"Organization\",\"@id\":\"https:\/\/www.plaqueandgo.com\/blog\/#organization\",\"name\":\"Plaque&Go\",\"url\":\"https:\/\/www.plaqueandgo.com\/blog\/\",\"logo\":{\"@type\":\"ImageObject\",\"inLanguage\":\"fr-FR\",\"@id\":\"https:\/\/www.plaqueandgo.com\/blog\/#\/schema\/logo\/image\/\",\"url\":\"https:\/\/www.plaqueandgo.com\/blog\/wp-content\/uploads\/2018\/05\/logo-plaque-and-go-mobile.svg\",\"contentUrl\":\"https:\/\/www.plaqueandgo.com\/blog\/wp-content\/uploads\/2018\/05\/logo-plaque-and-go-mobile.svg\",\"width\":406.061,\"height\":197.849,\"caption\":\"Plaque&Go\"},\"image\":{\"@id\":\"https:\/\/www.plaqueandgo.com\/blog\/#\/schema\/logo\/image\/\"},\"sameAs\":[\"https:\/\/www.facebook.com\/PlaqueandGoofficial\/\",\"https:\/\/twitter.com\/PlaqueandGo\",\"https:\/\/www.instagram.com\/plaqueandgo\/\",\"https:\/\/www.pinterest.fr\/PlaqueandGo\/\"]},{\"@type\":\"Person\",\"@id\":\"https:\/\/www.plaqueandgo.com\/blog\/#\/schema\/person\/8f660191d6588947cd34d88ebca4b04b\",\"name\":\"contact@plaqueandgo.com\",\"image\":{\"@type\":\"ImageObject\",\"inLanguage\":\"fr-FR\",\"@id\":\"https:\/\/www.plaqueandgo.com\/blog\/#\/schema\/person\/image\/\",\"url\":\"https:\/\/secure.gravatar.com\/avatar\/16406858407f02e00d0bc01de8d32f71?s=96&d=mm&r=g\",\"contentUrl\":\"https:\/\/secure.gravatar.com\/avatar\/16406858407f02e00d0bc01de8d32f71?s=96&d=mm&r=g\",\"caption\":\"contact@plaqueandgo.com\"},\"url\":\"https:\/\/www.plaqueandgo.com\/blog\/author\/admindedi-agency-com\/\"}]}<\/script>\n<!-- \/ Yoast SEO plugin. -->","yoast_head_json":{"title":"Plaque d'Immatriculation Bourgogne Franche Comt\u00e9 | Blog Plaque&Go","description":"Envie de personnaliser votre plaque d'immatriculation au couleur de la la r\u00e9gion Bourgogne-Franche-Comt\u00e9. Suivez le guide !","robots":{"index":"index","follow":"follow","max-snippet":"max-snippet:-1","max-image-preview":"max-image-preview:large","max-video-preview":"max-video-preview:-1"},"canonical":"https:\/\/www.plaqueandgo.com\/blog\/plaqueandgo-direction-la-region-bourgogne-franche-comte\/","og_locale":"fr_FR","og_type":"article","og_title":"Plaque d'Immatriculation Bourgogne Franche Comt\u00e9 | Blog Plaque&Go","og_description":"Envie de personnaliser votre plaque d'immatriculation au couleur de la la r\u00e9gion Bourgogne-Franche-Comt\u00e9. Suivez le guide !","og_url":"https:\/\/www.plaqueandgo.com\/blog\/plaqueandgo-direction-la-region-bourgogne-franche-comte\/","og_site_name":"Blog Plaque&amp;Go | Actualit\u00e9s de la plaque d&#039;immatriculation","article_publisher":"https:\/\/www.facebook.com\/PlaqueandGoofficial\/","article_published_time":"2019-10-30T11:11:54+00:00","article_modified_time":"2021-12-01T13:43:55+00:00","og_image":[{"width":1920,"height":1080,"url":"https:\/\/www.plaqueandgo.com\/blog\/wp-content\/uploads\/2019\/10\/Visu-Bourgogne-Franch-Comte.jpg","type":"image\/jpeg"}],"author":"contact@plaqueandgo.com","twitter_card":"summary_large_image","twitter_creator":"@PlaqueandGo","twitter_site":"@PlaqueandGo","twitter_misc":{"\u00c9crit par":"contact@plaqueandgo.com","Dur\u00e9e de lecture estim\u00e9e":"6 minutes"},"schema":{"@context":"https:\/\/schema.org","@graph":[{"@type":"Article","@id":"https:\/\/www.plaqueandgo.com\/blog\/plaqueandgo-direction-la-region-bourgogne-franche-comte\/#article","isPartOf":{"@id":"https:\/\/www.plaqueandgo.com\/blog\/plaqueandgo-direction-la-region-bourgogne-franche-comte\/"},"author":{"name":"contact@plaqueandgo.com","@id":"https:\/\/www.plaqueandgo.com\/blog\/#\/schema\/person\/8f660191d6588947cd34d88ebca4b04b"},"headline":"Personnaliser votre plaque d&rsquo;immatriculation Bourgogne-Franche-Comt\u00e9","datePublished":"2019-10-30T11:11:54+00:00","dateModified":"2021-12-01T13:43:55+00:00","mainEntityOfPage":{"@id":"https:\/\/www.plaqueandgo.com\/blog\/plaqueandgo-direction-la-region-bourgogne-franche-comte\/"},"wordCount":869,"commentCount":0,"publisher":{"@id":"https:\/\/www.plaqueandgo.com\/blog\/#organization"},"articleSection":["Voyages"],"inLanguage":"fr-FR","potentialAction":[{"@type":"CommentAction","name":"Comment","target":["https:\/\/www.plaqueandgo.com\/blog\/plaqueandgo-direction-la-region-bourgogne-franche-comte\/#respond"]}]},{"@type":"WebPage","@id":"https:\/\/www.plaqueandgo.com\/blog\/plaqueandgo-direction-la-region-bourgogne-franche-comte\/","url":"https:\/\/www.plaqueandgo.com\/blog\/plaqueandgo-direction-la-region-bourgogne-franche-comte\/","name":"Plaque d'Immatriculation Bourgogne Franche Comt\u00e9 | Blog Plaque&Go","isPartOf":{"@id":"https:\/\/www.plaqueandgo.com\/blog\/#website"},"datePublished":"2019-10-30T11:11:54+00:00","dateModified":"2021-12-01T13:43:55+00:00","description":"Envie de personnaliser votre plaque d'immatriculation au couleur de la la r\u00e9gion Bourgogne-Franche-Comt\u00e9. Suivez le guide !","breadcrumb":{"@id":"https:\/\/www.plaqueandgo.com\/blog\/plaqueandgo-direction-la-region-bourgogne-franche-comte\/#breadcrumb"},"inLanguage":"fr-FR","potentialAction":[{"@type":"ReadAction","target":["https:\/\/www.plaqueandgo.com\/blog\/plaqueandgo-direction-la-region-bourgogne-franche-comte\/"]}]},{"@type":"BreadcrumbList","@id":"https:\/\/www.plaqueandgo.com\/blog\/plaqueandgo-direction-la-region-bourgogne-franche-comte\/#breadcrumb","itemListElement":[{"@type":"ListItem","position":1,"name":"Actualit\u00e9 Plaque&amp;Go","item":"https:\/\/www.plaqueandgo.com\/blog\/"},{"@type":"ListItem","position":2,"name":"Personnaliser votre plaque d&rsquo;immatriculation Bourgogne-Franche-Comt\u00e9"}]},{"@type":"WebSite","@id":"https:\/\/www.plaqueandgo.com\/blog\/#website","url":"https:\/\/www.plaqueandgo.com\/blog\/","name":"Blog Plaque&amp;Go | Actualit\u00e9s de la plaque d&#039;immatriculation","description":"La plaque d&#039;immatriculation qui vous fait voyager","publisher":{"@id":"https:\/\/www.plaqueandgo.com\/blog\/#organization"},"potentialAction":[{"@type":"SearchAction","target":{"@type":"EntryPoint","urlTemplate":"https:\/\/www.plaqueandgo.com\/blog\/?s={search_term_string}"},"query-input":"required name=search_term_string"}],"inLanguage":"fr-FR"},{"@type":"Organization","@id":"https:\/\/www.plaqueandgo.com\/blog\/#organization","name":"Plaque&Go","url":"https:\/\/www.plaqueandgo.com\/blog\/","logo":{"@type":"ImageObject","inLanguage":"fr-FR","@id":"https:\/\/www.plaqueandgo.com\/blog\/#\/schema\/logo\/image\/","url":"https:\/\/www.plaqueandgo.com\/blog\/wp-content\/uploads\/2018\/05\/logo-plaque-and-go-mobile.svg","contentUrl":"https:\/\/www.plaqueandgo.com\/blog\/wp-content\/uploads\/2018\/05\/logo-plaque-and-go-mobile.svg","width":406.061,"height":197.849,"caption":"Plaque&Go"},"image":{"@id":"https:\/\/www.plaqueandgo.com\/blog\/#\/schema\/logo\/image\/"},"sameAs":["https:\/\/www.facebook.com\/PlaqueandGoofficial\/","https:\/\/twitter.com\/PlaqueandGo","https:\/\/www.instagram.com\/plaqueandgo\/","https:\/\/www.pinterest.fr\/PlaqueandGo\/"]},{"@type":"Person","@id":"https:\/\/www.plaqueandgo.com\/blog\/#\/schema\/person\/8f660191d6588947cd34d88ebca4b04b","name":"contact@plaqueandgo.com","image":{"@type":"ImageObject","inLanguage":"fr-FR","@id":"https:\/\/www.plaqueandgo.com\/blog\/#\/schema\/person\/image\/","url":"https:\/\/secure.gravatar.com\/avatar\/16406858407f02e00d0bc01de8d32f71?s=96&d=mm&r=g","contentUrl":"https:\/\/secure.gravatar.com\/avatar\/16406858407f02e00d0bc01de8d32f71?s=96&d=mm&r=g","caption":"contact@plaqueandgo.com"},"url":"https:\/\/www.plaqueandgo.com\/blog\/author\/admindedi-agency-com\/"}]}},"modified_by":"contact@plaqueandgo.com","jetpack_featured_media_url":"https:\/\/i0.wp.com\/www.plaqueandgo.com\/blog\/wp-content\/uploads\/2019\/10\/Visu-Bourgogne-Franch-Comte.jpg?fit=1920%2C1080&ssl=1","jetpack_sharing_enabled":true,"jetpack_likes_enabled":false,"_links":{"self":[{"href":"https:\/\/www.plaqueandgo.com\/blog\/wp-json\/wp\/v2\/posts\/3452"}],"collection":[{"href":"https:\/\/www.plaqueandgo.com\/blog\/wp-json\/wp\/v2\/posts"}],"about":[{"href":"https:\/\/www.plaqueandgo.com\/blog\/wp-json\/wp\/v2\/types\/post"}],"author":[{"embeddable":true,"href":"https:\/\/www.plaqueandgo.com\/blog\/wp-json\/wp\/v2\/users\/1"}],"replies":[{"embeddable":true,"href":"https:\/\/www.plaqueandgo.com\/blog\/wp-json\/wp\/v2\/comments?post=3452"}],"version-history":[{"count":23,"href":"https:\/\/www.plaqueandgo.com\/blog\/wp-json\/wp\/v2\/posts\/3452\/revisions"}],"predecessor-version":[{"id":6642,"href":"https:\/\/www.plaqueandgo.com\/blog\/wp-json\/wp\/v2\/posts\/3452\/revisions\/6642"}],"wp:featuredmedia":[{"embeddable":true,"href":"https:\/\/www.plaqueandgo.com\/blog\/wp-json\/wp\/v2\/media\/5219"}],"wp:attachment":[{"href":"https:\/\/www.plaqueandgo.com\/blog\/wp-json\/wp\/v2\/media?parent=3452"}],"wp:term":[{"taxonomy":"category","embeddable":true,"href":"https:\/\/www.plaqueandgo.com\/blog\/wp-json\/wp\/v2\/categories?post=3452"},{"taxonomy":"post_tag","embeddable":true,"href":"https:\/\/www.plaqueandgo.com\/blog\/wp-json\/wp\/v2\/tags?post=3452"}],"curies":[{"name":"wp","href":"https:\/\/api.w.org\/{rel}","templated":true}]}}