{"id":2882,"date":"2019-06-07T08:49:43","date_gmt":"2019-06-07T06:49:43","guid":{"rendered":"https:\/\/www.plaqueandgo.com\/blog\/?p=2882"},"modified":"2025-01-10T15:12:06","modified_gmt":"2025-01-10T14:12:06","slug":"plaquego-direction-la-region-nouvelle-aquitaine","status":"publish","type":"post","link":"https:\/\/www.plaqueandgo.com\/blog\/plaquego-direction-la-region-nouvelle-aquitaine\/","title":{"rendered":"Personnaliser votre plaque d&rsquo;immatriculation Nouvelle Aquitaine"},"content":{"rendered":"\n<p>Changeons d&rsquo;air et partons du c\u00f4t\u00e9 Sud-Ouest de la France. <br>Nous allons nous plonger au c\u0153ur de la r\u00e9gion Nouvelle-Aquitaine pour d\u00e9couvrir son identit\u00e9, ses sp\u00e9cialit\u00e9s ainsi que les lieux \u00e0 d\u00e9couvrir. <br>Vous \u00eates pr\u00eats ? C&rsquo;est parti, <strong>Plaque&amp;Go direction la r\u00e9gion Nouvelle Aquitaine. <\/strong><\/p>\n\n\n\n<h2 class=\"wp-block-heading\">Logo pour les plaques d&rsquo;immatriculation r\u00e9gion Nouvelle Aquitaine <\/h2>\n\n\n<div class=\"wp-block-image\">\n<figure class=\"aligncenter size-large\"><img decoding=\"async\" loading=\"lazy\" width=\"400\" height=\"400\" src=\"https:\/\/i0.wp.com\/www.plaqueandgo.com\/blog\/wp-content\/uploads\/2020\/08\/Nouvelle-Aquitaine.jpg?resize=400%2C400&#038;ssl=1\" alt=\"\" class=\"wp-image-5236\" srcset=\"https:\/\/i0.wp.com\/www.plaqueandgo.com\/blog\/wp-content\/uploads\/2020\/08\/Nouvelle-Aquitaine.jpg?w=400&amp;ssl=1 400w, https:\/\/i0.wp.com\/www.plaqueandgo.com\/blog\/wp-content\/uploads\/2020\/08\/Nouvelle-Aquitaine.jpg?resize=150%2C150&amp;ssl=1 150w\" sizes=\"(max-width: 400px) 100vw, 400px\" data-recalc-dims=\"1\" \/><\/figure><\/div>\n\n\n<p>Ce blason de la r\u00e9gion Nouvelle Aquitaine est utilis\u00e9 pour des usages protocolaires et notamment pour les <a href=\"https:\/\/www.plaqueandgo.com\/\" target=\"_blank\" rel=\"noreferrer noopener\" aria-label=\"plaques d'immatriculation (s\u2019ouvre dans un nouvel onglet)\">plaques d&rsquo;immatriculation<\/a>. <br>Il repr\u00e9sente des vagues bleues illustrant un attachement \u00e0 <a rel=\"noreferrer noopener nofollow\" aria-label=\"la terre des eaux (s\u2019ouvre dans un nouvel onglet)\" href=\"http:\/\/www.aquitaineonline.com\/culture-livres-musique\/livres-cursives\/6196-histoire-aquitania-michel-datcharry.html\" target=\"_blank\">la terre des eaux<\/a> : l&rsquo;Aquitaine historique. <br>Sur la droite du blason, nous retrouvons un lion rouge repr\u00e9sent\u00e9 debout. Ce dernier rappelle les armoiries du territoire n\u00e9o-aquitain qui employait ce m\u00eame symbole d\u00e8s le XI\u00e8me si\u00e8cle. <\/p>\n\n\n\n<h2 class=\"wp-block-heading\">Quelques sp\u00e9cialit\u00e9s de la Nouvelle-Aquitaine <\/h2>\n\n\n\n<p>Les sp\u00e9cialit\u00e9s de la r\u00e9gion sont nombreuses, riches et gourmandes. Comme dans nos nombreux voyages au travers diff\u00e9rentes r\u00e9gions de France, nous ne vous proposons ici que 3 recettes que nous avons test\u00e9es, aim\u00e9es et que nous souhaitons donc vous recommander. N&rsquo;h\u00e9sitez pas \u00e0 compl\u00e9ter cette liste dans les commentaires. <\/p>\n\n\n\n<h3 class=\"wp-block-heading\"><strong>Le Foie Gras <\/strong><\/h3>\n\n\n\n<p>Connu comme \u00e9tant l&rsquo;un des fleurons de la gastronomie fran\u00e7aise, le foie gras a bien pour origine la Nouvelle Aquitaine. <br>A manger froid ou chaud, ce symbole du patrimoine culinaire fait la fiert\u00e9 de la R\u00e9gion du Sud-Ouest. <\/p>\n\n\n\n<h3 class=\"wp-block-heading\">La Garbure <\/h3>\n\n\n\n<p>La garbure est un plat d&rsquo;origine bigourdane et bearnaise. <br>Cette soupe traditionnelle est compos\u00e9e de plusieurs l\u00e9gumes, de haricots blancs ainsi que de viandes telles que le jambon de bayonne ou encore des morceaux de confits de canard. Ce plat unique est simplement un d\u00e9lice. <\/p>\n\n\n\n<h3 class=\"wp-block-heading\">Le g\u00e2teau basque <\/h3>\n\n\n\n<p>Ce g\u00e2teau est un dessert typique du pays basque. Assez riche, il est \u00e0 la fois moelleux et croustillant. Il est apparu dans la sph\u00e8re domestique au milieu du XIX\u00e8me si\u00e8cle et ne cesse depuis de faire le r\u00e9gal des petits et des grands gourmands. <\/p>\n\n\n\n<figure class=\"wp-block-gallery has-nested-images columns-default is-cropped wp-block-gallery-1 is-layout-flex\">\n<figure class=\"wp-block-image size-large\"><img decoding=\"async\" loading=\"lazy\" width=\"1024\" height=\"768\" data-id=\"2898\"  src=\"https:\/\/i0.wp.com\/www.plaqueandgo.com\/blog\/wp-content\/uploads\/2019\/06\/Fois-gras.jpg?resize=1024%2C768&#038;ssl=1\" alt=\"\" class=\"wp-image-2898\" srcset=\"https:\/\/i0.wp.com\/www.plaqueandgo.com\/blog\/wp-content\/uploads\/2019\/06\/Fois-gras.jpg?resize=1024%2C768&amp;ssl=1 1024w, https:\/\/i0.wp.com\/www.plaqueandgo.com\/blog\/wp-content\/uploads\/2019\/06\/Fois-gras.jpg?resize=300%2C225&amp;ssl=1 300w, https:\/\/i0.wp.com\/www.plaqueandgo.com\/blog\/wp-content\/uploads\/2019\/06\/Fois-gras.jpg?resize=768%2C576&amp;ssl=1 768w, https:\/\/i0.wp.com\/www.plaqueandgo.com\/blog\/wp-content\/uploads\/2019\/06\/Fois-gras.jpg?resize=510%2C382&amp;ssl=1 510w, https:\/\/i0.wp.com\/www.plaqueandgo.com\/blog\/wp-content\/uploads\/2019\/06\/Fois-gras.jpg?resize=680%2C510&amp;ssl=1 680w, https:\/\/i0.wp.com\/www.plaqueandgo.com\/blog\/wp-content\/uploads\/2019\/06\/Fois-gras.jpg?resize=1920%2C1440&amp;ssl=1 1920w, https:\/\/i0.wp.com\/www.plaqueandgo.com\/blog\/wp-content\/uploads\/2019\/06\/Fois-gras.jpg?w=2340&amp;ssl=1 2340w\" sizes=\"(max-width: 1024px) 100vw, 1024px\" data-recalc-dims=\"1\" \/><\/figure>\n\n\n\n<figure class=\"wp-block-image size-large\"><img decoding=\"async\" loading=\"lazy\" width=\"1024\" height=\"710\" data-id=\"2899\"  src=\"https:\/\/i0.wp.com\/www.plaqueandgo.com\/blog\/wp-content\/uploads\/2019\/06\/Garbure.jpg?resize=1024%2C710&#038;ssl=1\" alt=\"\" class=\"wp-image-2899\" srcset=\"https:\/\/i0.wp.com\/www.plaqueandgo.com\/blog\/wp-content\/uploads\/2019\/06\/Garbure.jpg?resize=1024%2C710&amp;ssl=1 1024w, https:\/\/i0.wp.com\/www.plaqueandgo.com\/blog\/wp-content\/uploads\/2019\/06\/Garbure.jpg?resize=300%2C208&amp;ssl=1 300w, https:\/\/i0.wp.com\/www.plaqueandgo.com\/blog\/wp-content\/uploads\/2019\/06\/Garbure.jpg?resize=768%2C532&amp;ssl=1 768w, https:\/\/i0.wp.com\/www.plaqueandgo.com\/blog\/wp-content\/uploads\/2019\/06\/Garbure.jpg?resize=680%2C471&amp;ssl=1 680w, https:\/\/i0.wp.com\/www.plaqueandgo.com\/blog\/wp-content\/uploads\/2019\/06\/Garbure.jpg?w=1280&amp;ssl=1 1280w\" sizes=\"(max-width: 1024px) 100vw, 1024px\" data-recalc-dims=\"1\" \/><\/figure>\n\n\n\n<figure class=\"wp-block-image size-large\"><img decoding=\"async\" loading=\"lazy\" width=\"1024\" height=\"768\" data-id=\"2900\"  src=\"https:\/\/i0.wp.com\/www.plaqueandgo.com\/blog\/wp-content\/uploads\/2019\/06\/Gateau_basque_et_croix_basques.jpg?resize=1024%2C768&#038;ssl=1\" alt=\"\" class=\"wp-image-2900\" srcset=\"https:\/\/i0.wp.com\/www.plaqueandgo.com\/blog\/wp-content\/uploads\/2019\/06\/Gateau_basque_et_croix_basques.jpg?resize=1024%2C768&amp;ssl=1 1024w, https:\/\/i0.wp.com\/www.plaqueandgo.com\/blog\/wp-content\/uploads\/2019\/06\/Gateau_basque_et_croix_basques.jpg?resize=300%2C225&amp;ssl=1 300w, https:\/\/i0.wp.com\/www.plaqueandgo.com\/blog\/wp-content\/uploads\/2019\/06\/Gateau_basque_et_croix_basques.jpg?resize=768%2C576&amp;ssl=1 768w, https:\/\/i0.wp.com\/www.plaqueandgo.com\/blog\/wp-content\/uploads\/2019\/06\/Gateau_basque_et_croix_basques.jpg?resize=510%2C382&amp;ssl=1 510w, https:\/\/i0.wp.com\/www.plaqueandgo.com\/blog\/wp-content\/uploads\/2019\/06\/Gateau_basque_et_croix_basques.jpg?resize=680%2C510&amp;ssl=1 680w, https:\/\/i0.wp.com\/www.plaqueandgo.com\/blog\/wp-content\/uploads\/2019\/06\/Gateau_basque_et_croix_basques.jpg?resize=1920%2C1440&amp;ssl=1 1920w, https:\/\/i0.wp.com\/www.plaqueandgo.com\/blog\/wp-content\/uploads\/2019\/06\/Gateau_basque_et_croix_basques.jpg?w=2340&amp;ssl=1 2340w, https:\/\/i0.wp.com\/www.plaqueandgo.com\/blog\/wp-content\/uploads\/2019\/06\/Gateau_basque_et_croix_basques.jpg?w=3510&amp;ssl=1 3510w\" sizes=\"(max-width: 1024px) 100vw, 1024px\" data-recalc-dims=\"1\" \/><\/figure>\n<\/figure>\n\n\n\n<h2 class=\"wp-block-heading\">Quelques lieux \u00e0 d\u00e9couvrir dans la r\u00e9gion Nouvelle-Aquitaine <\/h2>\n\n\n\n<p>La r\u00e9gion Nouvelle Aquitaine s&rsquo;\u00e9tend sur plus de 80 000 km\u00b2. Autant dire qu&rsquo;il y a une multitude de lieux \u00e0 d\u00e9couvrir. Cette r\u00e9gion du Sud-ouest de la France est riche de par sa culture, sa gastronomie mais \u00e9galement de par ses lieux \u00e0 visiter aussi  riches que vari\u00e9s. <br>Voici 3 lieux \u00e0 d\u00e9couvrir. N&rsquo;h\u00e9sitez pas \u00e0 compl\u00e9ter dans les commentaires. <\/p>\n\n\n\n<h3 class=\"wp-block-heading\"><strong>Bordeaux <\/strong><\/h3>\n\n\n\n<p>Cette ville portuaire situ\u00e9e sur la Garonne est aussi bien r\u00e9put\u00e9e pour son histoire, son architecture mais \u00e9galement pour son style de vie. <br>Ville paisible o\u00f9 il est tr\u00e8s agr\u00e9able de se perdre et d\u00e9ambuler au travers des petites ruelles. <br>Cette ville est \u00e9galement un lieu riche de par ses nombreuses manifestations culturelles \u00e0 retrouver tout au long de l&rsquo;ann\u00e9e. <\/p>\n\n\n\n<h3 class=\"wp-block-heading\">Biarritz <\/h3>\n\n\n\n<p>Cette ville baln\u00e9aire fait la joie du plus grand nombre. Que vous pr\u00e9f\u00e9riez fl\u00e2ner dans la ville, surfez sur les vagues ou encore contempler un coucher de soleil face \u00e0 l&rsquo;oc\u00e9an, vous trouverez votre plaisir \u00e0 Biarritz. <br>Notre coup de c\u0153ur : admirer l&rsquo;oc\u00e9an tout en passant une soir\u00e9e entre amis au bar \/ restaurant <a rel=\"noreferrer noopener nofollow\" aria-label=\"les 100 marches (s\u2019ouvre dans un nouvel onglet)\" href=\"https:\/\/www.facebook.com\/pages\/category\/Pub\/Les-100-Marches-154345911314597\/\" target=\"_blank\">les 100 marches<\/a> <\/p>\n\n\n\n<h3 class=\"wp-block-heading\">Le ch\u00e2teau de Pau <\/h3>\n\n\n\n<p>Dress\u00e9 en plein c\u0153ur de la ville, ce ch\u00e2teau fera la joie des passionn\u00e9s d&rsquo;histoire. <br>N&rsquo;h\u00e9sitez pas \u00e0 organiser une visite pour d\u00e9couvrir ce lieu mythique qui a vu la naissance du roi de France et de Navarre Henri IV.  Vous pourrez m\u00eame admirer l&rsquo;objet embl\u00e9matique du ch\u00e2teau, \u00e0 savoir le berceau l\u00e9gendaire du roi : une carapace de tortue. <\/p>\n\n\n\n<figure class=\"wp-block-gallery has-nested-images columns-default is-cropped wp-block-gallery-3 is-layout-flex\">\n<figure class=\"wp-block-image size-large\"><img decoding=\"async\" loading=\"lazy\" width=\"960\" height=\"640\" data-id=\"2910\"  src=\"https:\/\/i0.wp.com\/www.plaqueandgo.com\/blog\/wp-content\/uploads\/2019\/06\/Bordeaux.jpg?resize=960%2C640&#038;ssl=1\" alt=\"\" class=\"wp-image-2910\" srcset=\"https:\/\/i0.wp.com\/www.plaqueandgo.com\/blog\/wp-content\/uploads\/2019\/06\/Bordeaux.jpg?w=960&amp;ssl=1 960w, https:\/\/i0.wp.com\/www.plaqueandgo.com\/blog\/wp-content\/uploads\/2019\/06\/Bordeaux.jpg?resize=300%2C200&amp;ssl=1 300w, https:\/\/i0.wp.com\/www.plaqueandgo.com\/blog\/wp-content\/uploads\/2019\/06\/Bordeaux.jpg?resize=768%2C512&amp;ssl=1 768w, https:\/\/i0.wp.com\/www.plaqueandgo.com\/blog\/wp-content\/uploads\/2019\/06\/Bordeaux.jpg?resize=781%2C520&amp;ssl=1 781w, https:\/\/i0.wp.com\/www.plaqueandgo.com\/blog\/wp-content\/uploads\/2019\/06\/Bordeaux.jpg?resize=680%2C453&amp;ssl=1 680w\" sizes=\"(max-width: 960px) 100vw, 960px\" data-recalc-dims=\"1\" \/><\/figure>\n\n\n\n<figure class=\"wp-block-image size-large\"><img decoding=\"async\" loading=\"lazy\" width=\"1024\" height=\"576\" data-id=\"2914\"  src=\"https:\/\/i0.wp.com\/www.plaqueandgo.com\/blog\/wp-content\/uploads\/2019\/06\/Biarritz-1.jpg?resize=1024%2C576&#038;ssl=1\" alt=\"\" class=\"wp-image-2914\" srcset=\"https:\/\/i0.wp.com\/www.plaqueandgo.com\/blog\/wp-content\/uploads\/2019\/06\/Biarritz-1.jpg?resize=1024%2C576&amp;ssl=1 1024w, https:\/\/i0.wp.com\/www.plaqueandgo.com\/blog\/wp-content\/uploads\/2019\/06\/Biarritz-1.jpg?resize=300%2C169&amp;ssl=1 300w, https:\/\/i0.wp.com\/www.plaqueandgo.com\/blog\/wp-content\/uploads\/2019\/06\/Biarritz-1.jpg?resize=768%2C432&amp;ssl=1 768w, https:\/\/i0.wp.com\/www.plaqueandgo.com\/blog\/wp-content\/uploads\/2019\/06\/Biarritz-1.jpg?resize=680%2C383&amp;ssl=1 680w, https:\/\/i0.wp.com\/www.plaqueandgo.com\/blog\/wp-content\/uploads\/2019\/06\/Biarritz-1.jpg?resize=1920%2C1080&amp;ssl=1 1920w, https:\/\/i0.wp.com\/www.plaqueandgo.com\/blog\/wp-content\/uploads\/2019\/06\/Biarritz-1.jpg?w=2340&amp;ssl=1 2340w, https:\/\/i0.wp.com\/www.plaqueandgo.com\/blog\/wp-content\/uploads\/2019\/06\/Biarritz-1.jpg?w=3510&amp;ssl=1 3510w\" sizes=\"(max-width: 1024px) 100vw, 1024px\" data-recalc-dims=\"1\" \/><\/figure>\n\n\n\n<figure class=\"wp-block-image size-large\"><img decoding=\"async\" loading=\"lazy\" width=\"1024\" height=\"768\" data-id=\"2915\"  src=\"https:\/\/i0.wp.com\/www.plaqueandgo.com\/blog\/wp-content\/uploads\/2019\/06\/Ch\u00e2teau_de_Pau_ciel_bleu_vu_du_parc-1.jpg?resize=1024%2C768&#038;ssl=1\" alt=\"\" class=\"wp-image-2915\" srcset=\"https:\/\/i0.wp.com\/www.plaqueandgo.com\/blog\/wp-content\/uploads\/2019\/06\/Ch\u00e2teau_de_Pau_ciel_bleu_vu_du_parc-1.jpg?resize=1024%2C768&amp;ssl=1 1024w, https:\/\/i0.wp.com\/www.plaqueandgo.com\/blog\/wp-content\/uploads\/2019\/06\/Ch\u00e2teau_de_Pau_ciel_bleu_vu_du_parc-1.jpg?resize=300%2C225&amp;ssl=1 300w, https:\/\/i0.wp.com\/www.plaqueandgo.com\/blog\/wp-content\/uploads\/2019\/06\/Ch\u00e2teau_de_Pau_ciel_bleu_vu_du_parc-1.jpg?resize=768%2C576&amp;ssl=1 768w, https:\/\/i0.wp.com\/www.plaqueandgo.com\/blog\/wp-content\/uploads\/2019\/06\/Ch\u00e2teau_de_Pau_ciel_bleu_vu_du_parc-1.jpg?resize=510%2C382&amp;ssl=1 510w, https:\/\/i0.wp.com\/www.plaqueandgo.com\/blog\/wp-content\/uploads\/2019\/06\/Ch\u00e2teau_de_Pau_ciel_bleu_vu_du_parc-1.jpg?resize=680%2C510&amp;ssl=1 680w, https:\/\/i0.wp.com\/www.plaqueandgo.com\/blog\/wp-content\/uploads\/2019\/06\/Ch\u00e2teau_de_Pau_ciel_bleu_vu_du_parc-1.jpg?resize=1920%2C1440&amp;ssl=1 1920w, https:\/\/i0.wp.com\/www.plaqueandgo.com\/blog\/wp-content\/uploads\/2019\/06\/Ch\u00e2teau_de_Pau_ciel_bleu_vu_du_parc-1.jpg?w=2340&amp;ssl=1 2340w, https:\/\/i0.wp.com\/www.plaqueandgo.com\/blog\/wp-content\/uploads\/2019\/06\/Ch\u00e2teau_de_Pau_ciel_bleu_vu_du_parc-1.jpg?w=3510&amp;ssl=1 3510w\" sizes=\"(max-width: 1024px) 100vw, 1024px\" data-recalc-dims=\"1\" \/><\/figure>\n<\/figure>\n\n\n\n<p>Si vous souhaitez afficher fi\u00e8rement votre attachement \u00e0 cette r\u00e9gion, commandez vos <a aria-label=\"plaques d'immatriculation (s\u2019ouvre dans un nouvel onglet)\" rel=\"noreferrer noopener\" href=\"https:\/\/www.plaqueandgo.com\/\" target=\"_blank\">plaques d&rsquo;immatriculation<\/a> Nouvelle Aquitaine sur le shop Plaque&amp;Go. <br>Nous avons en stock l&rsquo;ensemble des d\u00e9partements de France m\u00e9tropolitaine et d&rsquo;Outre Mer. Ainsi, nous pouvons vous offrir des d\u00e9lais de production et d&rsquo;exp\u00e9dition au plus court. <\/p>\n","protected":false},"excerpt":{"rendered":"<p>Changeons d&rsquo;air et partons du c\u00f4t\u00e9 Sud-Ouest de la France. Nous allons nous plonger au c\u0153ur de la r\u00e9gion Nouvelle-Aquitaine pour d\u00e9couvrir son identit\u00e9, ses sp\u00e9cialit\u00e9s ainsi que les lieux \u00e0<\/p>\n\t\t<div class=\"more-link-holder\">\n\t\t\t<a class=\"more-link ghost-button-link\" href=\"https:\/\/www.plaqueandgo.com\/blog\/plaquego-direction-la-region-nouvelle-aquitaine\/\">Lire la suite<\/a>\n\t\t<\/div>","protected":false},"author":1,"featured_media":5212,"comment_status":"closed","ping_status":"closed","sticky":false,"template":"","format":"standard","meta":{"_lmt_disableupdate":"no","_lmt_disable":"no","jetpack_publicize_message":"","jetpack_is_tweetstorm":false,"jetpack_publicize_feature_enabled":true,"jetpack_social_post_already_shared":false,"jetpack_social_options":{"image_generator_settings":{"template":"highway","enabled":false}}},"categories":[3],"tags":[],"jetpack_publicize_connections":[],"yoast_head":"<!-- This site is optimized with the Yoast SEO plugin v21.7 - https:\/\/yoast.com\/wordpress\/plugins\/seo\/ -->\n<title>Plaque Immatriculation &amp; Nouvelle Aquitaine | Blog Plaque&amp;Go<\/title>\n<meta name=\"description\" content=\"Personnalisez votre plaque d&#039;immatriculation au couleur de la r\u00e9gion Nouvelle Aquitaine. Suivez le guide avec Plaque&amp;Go\" \/>\n<meta name=\"robots\" content=\"index, follow, max-snippet:-1, max-image-preview:large, max-video-preview:-1\" \/>\n<link rel=\"canonical\" href=\"https:\/\/www.plaqueandgo.com\/blog\/plaquego-direction-la-region-nouvelle-aquitaine\/\" \/>\n<meta property=\"og:locale\" content=\"fr_FR\" \/>\n<meta property=\"og:type\" content=\"article\" \/>\n<meta property=\"og:title\" content=\"Plaque Immatriculation &amp; Nouvelle Aquitaine | Blog Plaque&amp;Go\" \/>\n<meta property=\"og:description\" content=\"Personnalisez votre plaque d&#039;immatriculation au couleur de la r\u00e9gion Nouvelle Aquitaine. Suivez le guide avec Plaque&amp;Go\" \/>\n<meta property=\"og:url\" content=\"https:\/\/www.plaqueandgo.com\/blog\/plaquego-direction-la-region-nouvelle-aquitaine\/\" \/>\n<meta property=\"og:site_name\" content=\"Blog Plaque&amp;Go | Actualit\u00e9s de la plaque d&#039;immatriculation\" \/>\n<meta property=\"article:publisher\" content=\"https:\/\/www.facebook.com\/PlaqueandGoofficial\/\" \/>\n<meta property=\"article:published_time\" content=\"2019-06-07T06:49:43+00:00\" \/>\n<meta property=\"article:modified_time\" content=\"2025-01-10T14:12:06+00:00\" \/>\n<meta property=\"og:image\" content=\"https:\/\/www.plaqueandgo.com\/blog\/wp-content\/uploads\/2019\/06\/Visu-Nouvelle-Acquitaine.jpg\" \/>\n\t<meta property=\"og:image:width\" content=\"1920\" \/>\n\t<meta property=\"og:image:height\" content=\"1080\" \/>\n\t<meta property=\"og:image:type\" content=\"image\/jpeg\" \/>\n<meta name=\"author\" content=\"contact@plaqueandgo.com\" \/>\n<meta name=\"twitter:card\" content=\"summary_large_image\" \/>\n<meta name=\"twitter:creator\" content=\"@PlaqueandGo\" \/>\n<meta name=\"twitter:site\" content=\"@PlaqueandGo\" \/>\n<meta name=\"twitter:label1\" content=\"\u00c9crit par\" \/>\n\t<meta name=\"twitter:data1\" content=\"contact@plaqueandgo.com\" \/>\n\t<meta name=\"twitter:label2\" content=\"Dur\u00e9e de lecture estim\u00e9e\" \/>\n\t<meta name=\"twitter:data2\" content=\"5 minutes\" \/>\n<script type=\"application\/ld+json\" class=\"yoast-schema-graph\">{\"@context\":\"https:\/\/schema.org\",\"@graph\":[{\"@type\":\"Article\",\"@id\":\"https:\/\/www.plaqueandgo.com\/blog\/plaquego-direction-la-region-nouvelle-aquitaine\/#article\",\"isPartOf\":{\"@id\":\"https:\/\/www.plaqueandgo.com\/blog\/plaquego-direction-la-region-nouvelle-aquitaine\/\"},\"author\":{\"name\":\"contact@plaqueandgo.com\",\"@id\":\"https:\/\/www.plaqueandgo.com\/blog\/#\/schema\/person\/8f660191d6588947cd34d88ebca4b04b\"},\"headline\":\"Personnaliser votre plaque d&rsquo;immatriculation Nouvelle Aquitaine\",\"datePublished\":\"2019-06-07T06:49:43+00:00\",\"dateModified\":\"2025-01-10T14:12:06+00:00\",\"mainEntityOfPage\":{\"@id\":\"https:\/\/www.plaqueandgo.com\/blog\/plaquego-direction-la-region-nouvelle-aquitaine\/\"},\"wordCount\":673,\"publisher\":{\"@id\":\"https:\/\/www.plaqueandgo.com\/blog\/#organization\"},\"articleSection\":[\"Voyages\"],\"inLanguage\":\"fr-FR\"},{\"@type\":\"WebPage\",\"@id\":\"https:\/\/www.plaqueandgo.com\/blog\/plaquego-direction-la-region-nouvelle-aquitaine\/\",\"url\":\"https:\/\/www.plaqueandgo.com\/blog\/plaquego-direction-la-region-nouvelle-aquitaine\/\",\"name\":\"Plaque Immatriculation & Nouvelle Aquitaine | Blog Plaque&Go\",\"isPartOf\":{\"@id\":\"https:\/\/www.plaqueandgo.com\/blog\/#website\"},\"datePublished\":\"2019-06-07T06:49:43+00:00\",\"dateModified\":\"2025-01-10T14:12:06+00:00\",\"description\":\"Personnalisez votre plaque d'immatriculation au couleur de la r\u00e9gion Nouvelle Aquitaine. Suivez le guide avec Plaque&Go\",\"breadcrumb\":{\"@id\":\"https:\/\/www.plaqueandgo.com\/blog\/plaquego-direction-la-region-nouvelle-aquitaine\/#breadcrumb\"},\"inLanguage\":\"fr-FR\",\"potentialAction\":[{\"@type\":\"ReadAction\",\"target\":[\"https:\/\/www.plaqueandgo.com\/blog\/plaquego-direction-la-region-nouvelle-aquitaine\/\"]}]},{\"@type\":\"BreadcrumbList\",\"@id\":\"https:\/\/www.plaqueandgo.com\/blog\/plaquego-direction-la-region-nouvelle-aquitaine\/#breadcrumb\",\"itemListElement\":[{\"@type\":\"ListItem\",\"position\":1,\"name\":\"Actualit\u00e9 Plaque&amp;Go\",\"item\":\"https:\/\/www.plaqueandgo.com\/blog\/\"},{\"@type\":\"ListItem\",\"position\":2,\"name\":\"Personnaliser votre plaque d&rsquo;immatriculation Nouvelle Aquitaine\"}]},{\"@type\":\"WebSite\",\"@id\":\"https:\/\/www.plaqueandgo.com\/blog\/#website\",\"url\":\"https:\/\/www.plaqueandgo.com\/blog\/\",\"name\":\"Blog Plaque&amp;Go | Actualit\u00e9s de la plaque d&#039;immatriculation\",\"description\":\"La plaque d&#039;immatriculation qui vous fait voyager\",\"publisher\":{\"@id\":\"https:\/\/www.plaqueandgo.com\/blog\/#organization\"},\"potentialAction\":[{\"@type\":\"SearchAction\",\"target\":{\"@type\":\"EntryPoint\",\"urlTemplate\":\"https:\/\/www.plaqueandgo.com\/blog\/?s={search_term_string}\"},\"query-input\":\"required name=search_term_string\"}],\"inLanguage\":\"fr-FR\"},{\"@type\":\"Organization\",\"@id\":\"https:\/\/www.plaqueandgo.com\/blog\/#organization\",\"name\":\"Plaque&Go\",\"url\":\"https:\/\/www.plaqueandgo.com\/blog\/\",\"logo\":{\"@type\":\"ImageObject\",\"inLanguage\":\"fr-FR\",\"@id\":\"https:\/\/www.plaqueandgo.com\/blog\/#\/schema\/logo\/image\/\",\"url\":\"https:\/\/www.plaqueandgo.com\/blog\/wp-content\/uploads\/2018\/05\/logo-plaque-and-go-mobile.svg\",\"contentUrl\":\"https:\/\/www.plaqueandgo.com\/blog\/wp-content\/uploads\/2018\/05\/logo-plaque-and-go-mobile.svg\",\"width\":406.061,\"height\":197.849,\"caption\":\"Plaque&Go\"},\"image\":{\"@id\":\"https:\/\/www.plaqueandgo.com\/blog\/#\/schema\/logo\/image\/\"},\"sameAs\":[\"https:\/\/www.facebook.com\/PlaqueandGoofficial\/\",\"https:\/\/twitter.com\/PlaqueandGo\",\"https:\/\/www.instagram.com\/plaqueandgo\/\",\"https:\/\/www.pinterest.fr\/PlaqueandGo\/\"]},{\"@type\":\"Person\",\"@id\":\"https:\/\/www.plaqueandgo.com\/blog\/#\/schema\/person\/8f660191d6588947cd34d88ebca4b04b\",\"name\":\"contact@plaqueandgo.com\",\"image\":{\"@type\":\"ImageObject\",\"inLanguage\":\"fr-FR\",\"@id\":\"https:\/\/www.plaqueandgo.com\/blog\/#\/schema\/person\/image\/\",\"url\":\"https:\/\/secure.gravatar.com\/avatar\/16406858407f02e00d0bc01de8d32f71?s=96&d=mm&r=g\",\"contentUrl\":\"https:\/\/secure.gravatar.com\/avatar\/16406858407f02e00d0bc01de8d32f71?s=96&d=mm&r=g\",\"caption\":\"contact@plaqueandgo.com\"},\"url\":\"https:\/\/www.plaqueandgo.com\/blog\/author\/admindedi-agency-com\/\"}]}<\/script>\n<!-- \/ Yoast SEO plugin. -->","yoast_head_json":{"title":"Plaque Immatriculation & Nouvelle Aquitaine | Blog Plaque&Go","description":"Personnalisez votre plaque d'immatriculation au couleur de la r\u00e9gion Nouvelle Aquitaine. Suivez le guide avec Plaque&Go","robots":{"index":"index","follow":"follow","max-snippet":"max-snippet:-1","max-image-preview":"max-image-preview:large","max-video-preview":"max-video-preview:-1"},"canonical":"https:\/\/www.plaqueandgo.com\/blog\/plaquego-direction-la-region-nouvelle-aquitaine\/","og_locale":"fr_FR","og_type":"article","og_title":"Plaque Immatriculation & Nouvelle Aquitaine | Blog Plaque&Go","og_description":"Personnalisez votre plaque d'immatriculation au couleur de la r\u00e9gion Nouvelle Aquitaine. Suivez le guide avec Plaque&Go","og_url":"https:\/\/www.plaqueandgo.com\/blog\/plaquego-direction-la-region-nouvelle-aquitaine\/","og_site_name":"Blog Plaque&amp;Go | Actualit\u00e9s de la plaque d&#039;immatriculation","article_publisher":"https:\/\/www.facebook.com\/PlaqueandGoofficial\/","article_published_time":"2019-06-07T06:49:43+00:00","article_modified_time":"2025-01-10T14:12:06+00:00","og_image":[{"width":1920,"height":1080,"url":"https:\/\/www.plaqueandgo.com\/blog\/wp-content\/uploads\/2019\/06\/Visu-Nouvelle-Acquitaine.jpg","type":"image\/jpeg"}],"author":"contact@plaqueandgo.com","twitter_card":"summary_large_image","twitter_creator":"@PlaqueandGo","twitter_site":"@PlaqueandGo","twitter_misc":{"\u00c9crit par":"contact@plaqueandgo.com","Dur\u00e9e de lecture estim\u00e9e":"5 minutes"},"schema":{"@context":"https:\/\/schema.org","@graph":[{"@type":"Article","@id":"https:\/\/www.plaqueandgo.com\/blog\/plaquego-direction-la-region-nouvelle-aquitaine\/#article","isPartOf":{"@id":"https:\/\/www.plaqueandgo.com\/blog\/plaquego-direction-la-region-nouvelle-aquitaine\/"},"author":{"name":"contact@plaqueandgo.com","@id":"https:\/\/www.plaqueandgo.com\/blog\/#\/schema\/person\/8f660191d6588947cd34d88ebca4b04b"},"headline":"Personnaliser votre plaque d&rsquo;immatriculation Nouvelle Aquitaine","datePublished":"2019-06-07T06:49:43+00:00","dateModified":"2025-01-10T14:12:06+00:00","mainEntityOfPage":{"@id":"https:\/\/www.plaqueandgo.com\/blog\/plaquego-direction-la-region-nouvelle-aquitaine\/"},"wordCount":673,"publisher":{"@id":"https:\/\/www.plaqueandgo.com\/blog\/#organization"},"articleSection":["Voyages"],"inLanguage":"fr-FR"},{"@type":"WebPage","@id":"https:\/\/www.plaqueandgo.com\/blog\/plaquego-direction-la-region-nouvelle-aquitaine\/","url":"https:\/\/www.plaqueandgo.com\/blog\/plaquego-direction-la-region-nouvelle-aquitaine\/","name":"Plaque Immatriculation & Nouvelle Aquitaine | Blog Plaque&Go","isPartOf":{"@id":"https:\/\/www.plaqueandgo.com\/blog\/#website"},"datePublished":"2019-06-07T06:49:43+00:00","dateModified":"2025-01-10T14:12:06+00:00","description":"Personnalisez votre plaque d'immatriculation au couleur de la r\u00e9gion Nouvelle Aquitaine. Suivez le guide avec Plaque&Go","breadcrumb":{"@id":"https:\/\/www.plaqueandgo.com\/blog\/plaquego-direction-la-region-nouvelle-aquitaine\/#breadcrumb"},"inLanguage":"fr-FR","potentialAction":[{"@type":"ReadAction","target":["https:\/\/www.plaqueandgo.com\/blog\/plaquego-direction-la-region-nouvelle-aquitaine\/"]}]},{"@type":"BreadcrumbList","@id":"https:\/\/www.plaqueandgo.com\/blog\/plaquego-direction-la-region-nouvelle-aquitaine\/#breadcrumb","itemListElement":[{"@type":"ListItem","position":1,"name":"Actualit\u00e9 Plaque&amp;Go","item":"https:\/\/www.plaqueandgo.com\/blog\/"},{"@type":"ListItem","position":2,"name":"Personnaliser votre plaque d&rsquo;immatriculation Nouvelle Aquitaine"}]},{"@type":"WebSite","@id":"https:\/\/www.plaqueandgo.com\/blog\/#website","url":"https:\/\/www.plaqueandgo.com\/blog\/","name":"Blog Plaque&amp;Go | Actualit\u00e9s de la plaque d&#039;immatriculation","description":"La plaque d&#039;immatriculation qui vous fait voyager","publisher":{"@id":"https:\/\/www.plaqueandgo.com\/blog\/#organization"},"potentialAction":[{"@type":"SearchAction","target":{"@type":"EntryPoint","urlTemplate":"https:\/\/www.plaqueandgo.com\/blog\/?s={search_term_string}"},"query-input":"required name=search_term_string"}],"inLanguage":"fr-FR"},{"@type":"Organization","@id":"https:\/\/www.plaqueandgo.com\/blog\/#organization","name":"Plaque&Go","url":"https:\/\/www.plaqueandgo.com\/blog\/","logo":{"@type":"ImageObject","inLanguage":"fr-FR","@id":"https:\/\/www.plaqueandgo.com\/blog\/#\/schema\/logo\/image\/","url":"https:\/\/www.plaqueandgo.com\/blog\/wp-content\/uploads\/2018\/05\/logo-plaque-and-go-mobile.svg","contentUrl":"https:\/\/www.plaqueandgo.com\/blog\/wp-content\/uploads\/2018\/05\/logo-plaque-and-go-mobile.svg","width":406.061,"height":197.849,"caption":"Plaque&Go"},"image":{"@id":"https:\/\/www.plaqueandgo.com\/blog\/#\/schema\/logo\/image\/"},"sameAs":["https:\/\/www.facebook.com\/PlaqueandGoofficial\/","https:\/\/twitter.com\/PlaqueandGo","https:\/\/www.instagram.com\/plaqueandgo\/","https:\/\/www.pinterest.fr\/PlaqueandGo\/"]},{"@type":"Person","@id":"https:\/\/www.plaqueandgo.com\/blog\/#\/schema\/person\/8f660191d6588947cd34d88ebca4b04b","name":"contact@plaqueandgo.com","image":{"@type":"ImageObject","inLanguage":"fr-FR","@id":"https:\/\/www.plaqueandgo.com\/blog\/#\/schema\/person\/image\/","url":"https:\/\/secure.gravatar.com\/avatar\/16406858407f02e00d0bc01de8d32f71?s=96&d=mm&r=g","contentUrl":"https:\/\/secure.gravatar.com\/avatar\/16406858407f02e00d0bc01de8d32f71?s=96&d=mm&r=g","caption":"contact@plaqueandgo.com"},"url":"https:\/\/www.plaqueandgo.com\/blog\/author\/admindedi-agency-com\/"}]}},"modified_by":"contact@plaqueandgo.com","jetpack_featured_media_url":"https:\/\/i0.wp.com\/www.plaqueandgo.com\/blog\/wp-content\/uploads\/2019\/06\/Visu-Nouvelle-Acquitaine.jpg?fit=1920%2C1080&ssl=1","jetpack_sharing_enabled":true,"jetpack_likes_enabled":false,"_links":{"self":[{"href":"https:\/\/www.plaqueandgo.com\/blog\/wp-json\/wp\/v2\/posts\/2882"}],"collection":[{"href":"https:\/\/www.plaqueandgo.com\/blog\/wp-json\/wp\/v2\/posts"}],"about":[{"href":"https:\/\/www.plaqueandgo.com\/blog\/wp-json\/wp\/v2\/types\/post"}],"author":[{"embeddable":true,"href":"https:\/\/www.plaqueandgo.com\/blog\/wp-json\/wp\/v2\/users\/1"}],"replies":[{"embeddable":true,"href":"https:\/\/www.plaqueandgo.com\/blog\/wp-json\/wp\/v2\/comments?post=2882"}],"version-history":[{"count":46,"href":"https:\/\/www.plaqueandgo.com\/blog\/wp-json\/wp\/v2\/posts\/2882\/revisions"}],"predecessor-version":[{"id":7175,"href":"https:\/\/www.plaqueandgo.com\/blog\/wp-json\/wp\/v2\/posts\/2882\/revisions\/7175"}],"wp:featuredmedia":[{"embeddable":true,"href":"https:\/\/www.plaqueandgo.com\/blog\/wp-json\/wp\/v2\/media\/5212"}],"wp:attachment":[{"href":"https:\/\/www.plaqueandgo.com\/blog\/wp-json\/wp\/v2\/media?parent=2882"}],"wp:term":[{"taxonomy":"category","embeddable":true,"href":"https:\/\/www.plaqueandgo.com\/blog\/wp-json\/wp\/v2\/categories?post=2882"},{"taxonomy":"post_tag","embeddable":true,"href":"https:\/\/www.plaqueandgo.com\/blog\/wp-json\/wp\/v2\/tags?post=2882"}],"curies":[{"name":"wp","href":"https:\/\/api.w.org\/{rel}","templated":true}]}}