{"id":1610,"date":"2018-12-09T07:24:37","date_gmt":"2018-12-09T06:24:37","guid":{"rendered":"https:\/\/www.plaqueandgo.com\/blog\/?p=1610"},"modified":"2022-03-30T16:29:17","modified_gmt":"2022-03-30T14:29:17","slug":"puis-je-mettre-des-plaques-noires-de-collection-sur-mon-vehicule","status":"publish","type":"post","link":"https:\/\/www.plaqueandgo.com\/blog\/puis-je-mettre-des-plaques-noires-de-collection-sur-mon-vehicule\/","title":{"rendered":"Plaque d&rsquo;immatriculation noire pour v\u00e9hicule de  collection"},"content":{"rendered":"\n<p>R\u00e9guli\u00e8rement des clients nous demandent s&rsquo;ils peuvent commander une <strong>plaque d&rsquo;immatriculation noire <\/strong>pour leur v\u00e9hicule de collection. En effet, il faut savoir que ce type de plaque est r\u00e9serv\u00e9e au v\u00e9hicule poss\u00e9dant une <strong>Carte Grise Collection<\/strong> (CGC). Il existe une r\u00e9glementation sp\u00e9cifique pour obtenir des plaques noires que nous vous proposons de d\u00e9tailler. <\/p>\n\n\n\n<h2 class=\"wp-block-heading\">Les plaques noires sont elles homologu\u00e9es ?<\/h2>\n\n\n\n<p>Les v\u00e9hicules dits de collection disposent d&rsquo;un r\u00e9gime d\u00e9rogatoire pour pr\u00e9server leur caract\u00e8re historique. En effet, leurs propri\u00e9taires peuvent apposer <strong>exceptionnellement <\/strong>une plaque sur fond noir dans le format d&rsquo;origine.<\/p>\n\n\n\n<p>Par ailleurs, l<strong>es plaques noires de collection doivent \u00eatre conformes \u00e0 la r\u00e9glementation en vigueur<\/strong>. Ainsi, les plaques longues pour voiture doivent faire 52 x 11 cm, et au format dit \u00ab\u00a0carr\u00e9\u00a0\u00bb, elles doivent faire 30 x 20 cm ou 27,5 x 20 cm. Enfin pour les plaques d&rsquo;immatriculation noires pour moto de collection, leur taille est de 21 x 13 cm. Enfin, pour respecter le caract\u00e8re ancien et historique, ces plaques noires ne poss\u00e8dent ni l&rsquo;Eurobande, ni l&rsquo;identifiant territorial (num\u00e9ro de d\u00e9partement et logo de r\u00e9gion).  <\/p>\n\n\n\n<h2 class=\"wp-block-heading\">Comment obtenir des plaques noires de collection ?<\/h2>\n\n\n\n<h3 class=\"wp-block-heading\">Votre v\u00e9hicule a plus de 30 ans : doit-il passer en v\u00e9hicule de collection ?<\/h3>\n\n\n\n<p>Tout d&rsquo;abord pour commander une plaque noire de collection pour votre v\u00e9hicule ancien, il faut respecter certaines caract\u00e9ristiques. Tout d&rsquo;abord, <strong>le v\u00e9hicule doit \u00eatre \u00e2g\u00e9 de plus de 30 ans<\/strong>. Ensuite, il doit correspondre \u00e0 un type de v\u00e9hicule qui n&rsquo;est plus fabriqu\u00e9. Enfin, il doit se trouver dans un <strong>\u00e9tat parfaitement pr\u00e9serv\u00e9 ou restaur\u00e9<\/strong>. Les plaques d&rsquo;immatriculation collection sont en aluminium de couleur noir. Les caract\u00e8res sont emboutis pour leur apporter du relief et ils sont de couleur argent. <\/p>\n\n\n\n<h3 class=\"wp-block-heading\">Attestation de datation et de caract\u00e9ristiques<\/h3>\n\n\n\n<p>La premi\u00e8re \u00e9tape consiste \u00e0 obtenir une <strong>attestation de datation et de caract\u00e9ristiques, <\/strong>d\u00e9livr\u00e9e par la <a rel=\"noreferrer noopener\" href=\"https:\/\/www.ffve.org\/\" target=\"_blank\">FFVE<\/a> (F\u00e9d\u00e9ration Fran\u00e7aise des V\u00e9hicules d\u2019\u00c9poque). Cette attestation vous permettra alors l&rsquo;obtention du pr\u00e9cieux <strong>certificat d&rsquo;immatriculation pour v\u00e9hicule de collection<\/strong>. Voici donc le document \u00e0 remplir vous permettant d&rsquo;obtenir cette attestation : <a href=\"https:\/\/www.ffve.org\/IMG\/pdf\/formulaire-demande-attestation-ffve.pdf\" target=\"_blank\" rel=\"noreferrer noopener\">Formulaire demande attestation<\/a><\/p>\n\n\n\n<p>La FFVE&nbsp; qui a obtenu une d\u00e9l\u00e9gation du Minist\u00e8re des transports va effectuer les v\u00e9rifications suivantes :<\/p>\n\n\n\n<ul><li>la <strong>date du v\u00e9hicule<\/strong><\/li><li>la <strong>conformit\u00e9 du v\u00e9hicule <\/strong>: il ne doit pas avoir subi de modification<\/li><li>la<strong> justification de propri\u00e9t\u00e9 du v\u00e9hicule<\/strong> : le conducteur doit pouvoir justifier d&rsquo;\u00eatre le propri\u00e9taire du v\u00e9hicule en question<\/li><\/ul>\n\n\n\n<h2 class=\"wp-block-heading\">Certificat d&rsquo;immatriculation pour v\u00e9hicule de collection<\/h2>\n\n\n\n<p>Une fois l&rsquo;attestation fournie par la FFVE vous pouvez faire la demande aupr\u00e8s du site de l&rsquo;A<a href=\"https:\/\/immatriculation.ants.gouv.fr\/\" target=\"_blank\" rel=\"noreferrer noopener\">gence Nationale des Titres S\u00e9curis\u00e9s<\/a>&nbsp; d&rsquo;un certificat d&rsquo;immatriculation pour v\u00e9hicule de collection. Les c<a href=\"https:\/\/www.plaqueandgo.com\/blog\/carte-grise-collection-avantages-et-inconvenients\/\">aract\u00e9ristiques de cette Carte Grise <\/a> sont les suivantes :<\/p>\n\n\n\n<ul><li>L\u2019\u00e2ge du v\u00e9hicule doit-\u00eatre au <strong>minium de 30 ans<\/strong><\/li><li>La <strong>production du v\u00e9hicule<\/strong> en question doit avoir cess\u00e9e<\/li><li>Le v\u00e9hicule ne doit servir qu\u2019\u00e0 une <strong>pratique personnel <\/strong>(Interdiction pour l\u2019usage professionnel ou le transport de marchandise)<\/li><li>Le v\u00e9hicule doit \u00eatre dans son <strong>\u00e9tat d\u2019origine<\/strong>, pr\u00e9serv\u00e9 ou restaur\u00e9. C\u2019est \u00e0 dire qu\u2019il ne doit pas avoir subi de modification importante (exemple : moteur)<\/li><li>Le v\u00e9hicule doit poss\u00e9der une <a rel=\"noreferrer noopener\" href=\"https:\/\/www.ffve.org\/Procedure_obtention_attestation_carte_grise\" target=\"_blank\">attestation de datation et de caract\u00e9ristiques d\u00e9livr\u00e9e par la FFVE<\/a>, le constructeur ou son repr\u00e9sentant en France<\/li><li>Il se distingue par la mention \u00ab collection \u00bb dans la rubrique \u00ab Z \u00bb du certificat d\u2019immatriculation<\/li><\/ul>\n\n\n\n<p>Pour en savoir plus sur le carte grise de collection, vous pouvez <a href=\"https:\/\/www.plaqueandgo.com\/blog\/carte-grise-collection-avantages-et-inconvenients\/\">d\u00e9couvrir les avantages et les inconv\u00e9nients<\/a>.  <\/p>\n\n\n\n<h2 class=\"wp-block-heading\">Quelle amende pour une plaque d&rsquo;immatriculation noire<\/h2>\n\n\n\n<p>Si vous circulez avec des plaques noires de collection, alors que votre v\u00e9hicule ne dispose pas d&rsquo;une carte grise sp\u00e9cifique, vous encourrez une amende de 4\u00e8me classe pour plaques non conformes. Le propri\u00e9taire du v\u00e9hicule contrevenant s\u2019expose \u00e0 une amende de <strong>135 \u20ac<\/strong> \u00e0 chaque contr\u00f4le routier.<\/p>\n\n\n\n<div class=\"wp-block-buttons is-horizontal is-content-justification-center is-layout-flex wp-container-1\">\n<div class=\"wp-block-button\"><a class=\"wp-block-button__link\" href=\"https:\/\/www.plaqueandgo.com\/plaque-immatriculation-vehicule-collection-7\">Commandez votre plaque d&rsquo;immatriculation noire pour v\u00e9hicule de collection<\/a><\/div>\n<\/div>\n","protected":false},"excerpt":{"rendered":"<p>R\u00e9guli\u00e8rement des clients nous demandent s&rsquo;ils peuvent commander une plaque d&rsquo;immatriculation noire pour leur v\u00e9hicule de collection. En effet, il faut savoir que ce type de plaque est r\u00e9serv\u00e9e au v\u00e9hicule<\/p>\n\t\t<div class=\"more-link-holder\">\n\t\t\t<a class=\"more-link ghost-button-link\" href=\"https:\/\/www.plaqueandgo.com\/blog\/puis-je-mettre-des-plaques-noires-de-collection-sur-mon-vehicule\/\">Lire la suite<\/a>\n\t\t<\/div>","protected":false},"author":1,"featured_media":5941,"comment_status":"open","ping_status":"closed","sticky":false,"template":"","format":"standard","meta":{"_lmt_disableupdate":"no","_lmt_disable":"no","jetpack_publicize_message":"","jetpack_is_tweetstorm":false,"jetpack_publicize_feature_enabled":true,"jetpack_social_post_already_shared":false,"jetpack_social_options":{"image_generator_settings":{"template":"highway","enabled":false}}},"categories":[39],"tags":[],"jetpack_publicize_connections":[],"yoast_head":"<!-- This site is optimized with the Yoast SEO plugin v21.7 - https:\/\/yoast.com\/wordpress\/plugins\/seo\/ -->\n<title>Comment obtenir une plaque d&#039;immatriculation Noire | Blog Plaque&amp;Go<\/title>\n<meta name=\"description\" content=\"Vous souhaitez mettre une plaque d&#039;immatriculation Noire pour votre v\u00e9hicule de collection. Plaque&amp;Go vous explique toute la d\u00e9marche.\" \/>\n<meta name=\"robots\" content=\"index, follow, max-snippet:-1, max-image-preview:large, max-video-preview:-1\" \/>\n<link rel=\"canonical\" href=\"https:\/\/www.plaqueandgo.com\/blog\/puis-je-mettre-des-plaques-noires-de-collection-sur-mon-vehicule\/\" \/>\n<meta property=\"og:locale\" content=\"fr_FR\" \/>\n<meta property=\"og:type\" content=\"article\" \/>\n<meta property=\"og:title\" content=\"Comment obtenir une plaque d&#039;immatriculation Noire | Blog Plaque&amp;Go\" \/>\n<meta property=\"og:description\" content=\"Vous souhaitez mettre une plaque d&#039;immatriculation Noire pour votre v\u00e9hicule de collection. Plaque&amp;Go vous explique toute la d\u00e9marche.\" \/>\n<meta property=\"og:url\" content=\"https:\/\/www.plaqueandgo.com\/blog\/puis-je-mettre-des-plaques-noires-de-collection-sur-mon-vehicule\/\" \/>\n<meta property=\"og:site_name\" content=\"Blog Plaque&amp;Go | Actualit\u00e9s de la plaque d&#039;immatriculation\" \/>\n<meta property=\"article:publisher\" content=\"https:\/\/www.facebook.com\/PlaqueandGoofficial\/\" \/>\n<meta property=\"article:published_time\" content=\"2018-12-09T06:24:37+00:00\" \/>\n<meta property=\"article:modified_time\" content=\"2022-03-30T14:29:17+00:00\" \/>\n<meta property=\"og:image\" content=\"https:\/\/www.plaqueandgo.com\/blog\/wp-content\/uploads\/2018\/12\/Visu-Principal-Blog-Plaque-Noire-Collection.jpg\" \/>\n\t<meta property=\"og:image:width\" content=\"1080\" \/>\n\t<meta property=\"og:image:height\" content=\"600\" \/>\n\t<meta property=\"og:image:type\" content=\"image\/jpeg\" \/>\n<meta name=\"author\" content=\"contact@plaqueandgo.com\" \/>\n<meta name=\"twitter:card\" content=\"summary_large_image\" \/>\n<meta name=\"twitter:creator\" content=\"@PlaqueandGo\" \/>\n<meta name=\"twitter:site\" content=\"@PlaqueandGo\" \/>\n<meta name=\"twitter:label1\" content=\"\u00c9crit par\" \/>\n\t<meta name=\"twitter:data1\" content=\"contact@plaqueandgo.com\" \/>\n\t<meta name=\"twitter:label2\" content=\"Dur\u00e9e de lecture estim\u00e9e\" \/>\n\t<meta name=\"twitter:data2\" content=\"4 minutes\" \/>\n<script type=\"application\/ld+json\" class=\"yoast-schema-graph\">{\"@context\":\"https:\/\/schema.org\",\"@graph\":[{\"@type\":\"Article\",\"@id\":\"https:\/\/www.plaqueandgo.com\/blog\/puis-je-mettre-des-plaques-noires-de-collection-sur-mon-vehicule\/#article\",\"isPartOf\":{\"@id\":\"https:\/\/www.plaqueandgo.com\/blog\/puis-je-mettre-des-plaques-noires-de-collection-sur-mon-vehicule\/\"},\"author\":{\"name\":\"contact@plaqueandgo.com\",\"@id\":\"https:\/\/www.plaqueandgo.com\/blog\/#\/schema\/person\/8f660191d6588947cd34d88ebca4b04b\"},\"headline\":\"Plaque d&rsquo;immatriculation noire pour v\u00e9hicule de collection\",\"datePublished\":\"2018-12-09T06:24:37+00:00\",\"dateModified\":\"2022-03-30T14:29:17+00:00\",\"mainEntityOfPage\":{\"@id\":\"https:\/\/www.plaqueandgo.com\/blog\/puis-je-mettre-des-plaques-noires-de-collection-sur-mon-vehicule\/\"},\"wordCount\":681,\"commentCount\":12,\"publisher\":{\"@id\":\"https:\/\/www.plaqueandgo.com\/blog\/#organization\"},\"articleSection\":[\"D\u00e9marches\"],\"inLanguage\":\"fr-FR\",\"potentialAction\":[{\"@type\":\"CommentAction\",\"name\":\"Comment\",\"target\":[\"https:\/\/www.plaqueandgo.com\/blog\/puis-je-mettre-des-plaques-noires-de-collection-sur-mon-vehicule\/#respond\"]}]},{\"@type\":\"WebPage\",\"@id\":\"https:\/\/www.plaqueandgo.com\/blog\/puis-je-mettre-des-plaques-noires-de-collection-sur-mon-vehicule\/\",\"url\":\"https:\/\/www.plaqueandgo.com\/blog\/puis-je-mettre-des-plaques-noires-de-collection-sur-mon-vehicule\/\",\"name\":\"Comment obtenir une plaque d'immatriculation Noire | Blog Plaque&Go\",\"isPartOf\":{\"@id\":\"https:\/\/www.plaqueandgo.com\/blog\/#website\"},\"datePublished\":\"2018-12-09T06:24:37+00:00\",\"dateModified\":\"2022-03-30T14:29:17+00:00\",\"description\":\"Vous souhaitez mettre une plaque d'immatriculation Noire pour votre v\u00e9hicule de collection. Plaque&Go vous explique toute la d\u00e9marche.\",\"breadcrumb\":{\"@id\":\"https:\/\/www.plaqueandgo.com\/blog\/puis-je-mettre-des-plaques-noires-de-collection-sur-mon-vehicule\/#breadcrumb\"},\"inLanguage\":\"fr-FR\",\"potentialAction\":[{\"@type\":\"ReadAction\",\"target\":[\"https:\/\/www.plaqueandgo.com\/blog\/puis-je-mettre-des-plaques-noires-de-collection-sur-mon-vehicule\/\"]}]},{\"@type\":\"BreadcrumbList\",\"@id\":\"https:\/\/www.plaqueandgo.com\/blog\/puis-je-mettre-des-plaques-noires-de-collection-sur-mon-vehicule\/#breadcrumb\",\"itemListElement\":[{\"@type\":\"ListItem\",\"position\":1,\"name\":\"Actualit\u00e9 Plaque&amp;Go\",\"item\":\"https:\/\/www.plaqueandgo.com\/blog\/\"},{\"@type\":\"ListItem\",\"position\":2,\"name\":\"Plaque d&rsquo;immatriculation noire pour v\u00e9hicule de collection\"}]},{\"@type\":\"WebSite\",\"@id\":\"https:\/\/www.plaqueandgo.com\/blog\/#website\",\"url\":\"https:\/\/www.plaqueandgo.com\/blog\/\",\"name\":\"Blog Plaque&amp;Go | Actualit\u00e9s de la plaque d&#039;immatriculation\",\"description\":\"La plaque d&#039;immatriculation qui vous fait voyager\",\"publisher\":{\"@id\":\"https:\/\/www.plaqueandgo.com\/blog\/#organization\"},\"potentialAction\":[{\"@type\":\"SearchAction\",\"target\":{\"@type\":\"EntryPoint\",\"urlTemplate\":\"https:\/\/www.plaqueandgo.com\/blog\/?s={search_term_string}\"},\"query-input\":\"required name=search_term_string\"}],\"inLanguage\":\"fr-FR\"},{\"@type\":\"Organization\",\"@id\":\"https:\/\/www.plaqueandgo.com\/blog\/#organization\",\"name\":\"Plaque&Go\",\"url\":\"https:\/\/www.plaqueandgo.com\/blog\/\",\"logo\":{\"@type\":\"ImageObject\",\"inLanguage\":\"fr-FR\",\"@id\":\"https:\/\/www.plaqueandgo.com\/blog\/#\/schema\/logo\/image\/\",\"url\":\"https:\/\/www.plaqueandgo.com\/blog\/wp-content\/uploads\/2018\/05\/logo-plaque-and-go-mobile.svg\",\"contentUrl\":\"https:\/\/www.plaqueandgo.com\/blog\/wp-content\/uploads\/2018\/05\/logo-plaque-and-go-mobile.svg\",\"width\":406.061,\"height\":197.849,\"caption\":\"Plaque&Go\"},\"image\":{\"@id\":\"https:\/\/www.plaqueandgo.com\/blog\/#\/schema\/logo\/image\/\"},\"sameAs\":[\"https:\/\/www.facebook.com\/PlaqueandGoofficial\/\",\"https:\/\/twitter.com\/PlaqueandGo\",\"https:\/\/www.instagram.com\/plaqueandgo\/\",\"https:\/\/www.pinterest.fr\/PlaqueandGo\/\"]},{\"@type\":\"Person\",\"@id\":\"https:\/\/www.plaqueandgo.com\/blog\/#\/schema\/person\/8f660191d6588947cd34d88ebca4b04b\",\"name\":\"contact@plaqueandgo.com\",\"image\":{\"@type\":\"ImageObject\",\"inLanguage\":\"fr-FR\",\"@id\":\"https:\/\/www.plaqueandgo.com\/blog\/#\/schema\/person\/image\/\",\"url\":\"https:\/\/secure.gravatar.com\/avatar\/16406858407f02e00d0bc01de8d32f71?s=96&d=mm&r=g\",\"contentUrl\":\"https:\/\/secure.gravatar.com\/avatar\/16406858407f02e00d0bc01de8d32f71?s=96&d=mm&r=g\",\"caption\":\"contact@plaqueandgo.com\"},\"url\":\"https:\/\/www.plaqueandgo.com\/blog\/author\/admindedi-agency-com\/\"}]}<\/script>\n<!-- \/ Yoast SEO plugin. -->","yoast_head_json":{"title":"Comment obtenir une plaque d'immatriculation Noire | Blog Plaque&Go","description":"Vous souhaitez mettre une plaque d'immatriculation Noire pour votre v\u00e9hicule de collection. Plaque&Go vous explique toute la d\u00e9marche.","robots":{"index":"index","follow":"follow","max-snippet":"max-snippet:-1","max-image-preview":"max-image-preview:large","max-video-preview":"max-video-preview:-1"},"canonical":"https:\/\/www.plaqueandgo.com\/blog\/puis-je-mettre-des-plaques-noires-de-collection-sur-mon-vehicule\/","og_locale":"fr_FR","og_type":"article","og_title":"Comment obtenir une plaque d'immatriculation Noire | Blog Plaque&Go","og_description":"Vous souhaitez mettre une plaque d'immatriculation Noire pour votre v\u00e9hicule de collection. Plaque&Go vous explique toute la d\u00e9marche.","og_url":"https:\/\/www.plaqueandgo.com\/blog\/puis-je-mettre-des-plaques-noires-de-collection-sur-mon-vehicule\/","og_site_name":"Blog Plaque&amp;Go | Actualit\u00e9s de la plaque d&#039;immatriculation","article_publisher":"https:\/\/www.facebook.com\/PlaqueandGoofficial\/","article_published_time":"2018-12-09T06:24:37+00:00","article_modified_time":"2022-03-30T14:29:17+00:00","og_image":[{"width":1080,"height":600,"url":"https:\/\/www.plaqueandgo.com\/blog\/wp-content\/uploads\/2018\/12\/Visu-Principal-Blog-Plaque-Noire-Collection.jpg","type":"image\/jpeg"}],"author":"contact@plaqueandgo.com","twitter_card":"summary_large_image","twitter_creator":"@PlaqueandGo","twitter_site":"@PlaqueandGo","twitter_misc":{"\u00c9crit par":"contact@plaqueandgo.com","Dur\u00e9e de lecture estim\u00e9e":"4 minutes"},"schema":{"@context":"https:\/\/schema.org","@graph":[{"@type":"Article","@id":"https:\/\/www.plaqueandgo.com\/blog\/puis-je-mettre-des-plaques-noires-de-collection-sur-mon-vehicule\/#article","isPartOf":{"@id":"https:\/\/www.plaqueandgo.com\/blog\/puis-je-mettre-des-plaques-noires-de-collection-sur-mon-vehicule\/"},"author":{"name":"contact@plaqueandgo.com","@id":"https:\/\/www.plaqueandgo.com\/blog\/#\/schema\/person\/8f660191d6588947cd34d88ebca4b04b"},"headline":"Plaque d&rsquo;immatriculation noire pour v\u00e9hicule de collection","datePublished":"2018-12-09T06:24:37+00:00","dateModified":"2022-03-30T14:29:17+00:00","mainEntityOfPage":{"@id":"https:\/\/www.plaqueandgo.com\/blog\/puis-je-mettre-des-plaques-noires-de-collection-sur-mon-vehicule\/"},"wordCount":681,"commentCount":12,"publisher":{"@id":"https:\/\/www.plaqueandgo.com\/blog\/#organization"},"articleSection":["D\u00e9marches"],"inLanguage":"fr-FR","potentialAction":[{"@type":"CommentAction","name":"Comment","target":["https:\/\/www.plaqueandgo.com\/blog\/puis-je-mettre-des-plaques-noires-de-collection-sur-mon-vehicule\/#respond"]}]},{"@type":"WebPage","@id":"https:\/\/www.plaqueandgo.com\/blog\/puis-je-mettre-des-plaques-noires-de-collection-sur-mon-vehicule\/","url":"https:\/\/www.plaqueandgo.com\/blog\/puis-je-mettre-des-plaques-noires-de-collection-sur-mon-vehicule\/","name":"Comment obtenir une plaque d'immatriculation Noire | Blog Plaque&Go","isPartOf":{"@id":"https:\/\/www.plaqueandgo.com\/blog\/#website"},"datePublished":"2018-12-09T06:24:37+00:00","dateModified":"2022-03-30T14:29:17+00:00","description":"Vous souhaitez mettre une plaque d'immatriculation Noire pour votre v\u00e9hicule de collection. Plaque&Go vous explique toute la d\u00e9marche.","breadcrumb":{"@id":"https:\/\/www.plaqueandgo.com\/blog\/puis-je-mettre-des-plaques-noires-de-collection-sur-mon-vehicule\/#breadcrumb"},"inLanguage":"fr-FR","potentialAction":[{"@type":"ReadAction","target":["https:\/\/www.plaqueandgo.com\/blog\/puis-je-mettre-des-plaques-noires-de-collection-sur-mon-vehicule\/"]}]},{"@type":"BreadcrumbList","@id":"https:\/\/www.plaqueandgo.com\/blog\/puis-je-mettre-des-plaques-noires-de-collection-sur-mon-vehicule\/#breadcrumb","itemListElement":[{"@type":"ListItem","position":1,"name":"Actualit\u00e9 Plaque&amp;Go","item":"https:\/\/www.plaqueandgo.com\/blog\/"},{"@type":"ListItem","position":2,"name":"Plaque d&rsquo;immatriculation noire pour v\u00e9hicule de collection"}]},{"@type":"WebSite","@id":"https:\/\/www.plaqueandgo.com\/blog\/#website","url":"https:\/\/www.plaqueandgo.com\/blog\/","name":"Blog Plaque&amp;Go | Actualit\u00e9s de la plaque d&#039;immatriculation","description":"La plaque d&#039;immatriculation qui vous fait voyager","publisher":{"@id":"https:\/\/www.plaqueandgo.com\/blog\/#organization"},"potentialAction":[{"@type":"SearchAction","target":{"@type":"EntryPoint","urlTemplate":"https:\/\/www.plaqueandgo.com\/blog\/?s={search_term_string}"},"query-input":"required name=search_term_string"}],"inLanguage":"fr-FR"},{"@type":"Organization","@id":"https:\/\/www.plaqueandgo.com\/blog\/#organization","name":"Plaque&Go","url":"https:\/\/www.plaqueandgo.com\/blog\/","logo":{"@type":"ImageObject","inLanguage":"fr-FR","@id":"https:\/\/www.plaqueandgo.com\/blog\/#\/schema\/logo\/image\/","url":"https:\/\/www.plaqueandgo.com\/blog\/wp-content\/uploads\/2018\/05\/logo-plaque-and-go-mobile.svg","contentUrl":"https:\/\/www.plaqueandgo.com\/blog\/wp-content\/uploads\/2018\/05\/logo-plaque-and-go-mobile.svg","width":406.061,"height":197.849,"caption":"Plaque&Go"},"image":{"@id":"https:\/\/www.plaqueandgo.com\/blog\/#\/schema\/logo\/image\/"},"sameAs":["https:\/\/www.facebook.com\/PlaqueandGoofficial\/","https:\/\/twitter.com\/PlaqueandGo","https:\/\/www.instagram.com\/plaqueandgo\/","https:\/\/www.pinterest.fr\/PlaqueandGo\/"]},{"@type":"Person","@id":"https:\/\/www.plaqueandgo.com\/blog\/#\/schema\/person\/8f660191d6588947cd34d88ebca4b04b","name":"contact@plaqueandgo.com","image":{"@type":"ImageObject","inLanguage":"fr-FR","@id":"https:\/\/www.plaqueandgo.com\/blog\/#\/schema\/person\/image\/","url":"https:\/\/secure.gravatar.com\/avatar\/16406858407f02e00d0bc01de8d32f71?s=96&d=mm&r=g","contentUrl":"https:\/\/secure.gravatar.com\/avatar\/16406858407f02e00d0bc01de8d32f71?s=96&d=mm&r=g","caption":"contact@plaqueandgo.com"},"url":"https:\/\/www.plaqueandgo.com\/blog\/author\/admindedi-agency-com\/"}]}},"modified_by":"contact@plaqueandgo.com","jetpack_featured_media_url":"https:\/\/i0.wp.com\/www.plaqueandgo.com\/blog\/wp-content\/uploads\/2018\/12\/Visu-Principal-Blog-Plaque-Noire-Collection.jpg?fit=1080%2C600&ssl=1","jetpack_sharing_enabled":true,"jetpack_likes_enabled":false,"_links":{"self":[{"href":"https:\/\/www.plaqueandgo.com\/blog\/wp-json\/wp\/v2\/posts\/1610"}],"collection":[{"href":"https:\/\/www.plaqueandgo.com\/blog\/wp-json\/wp\/v2\/posts"}],"about":[{"href":"https:\/\/www.plaqueandgo.com\/blog\/wp-json\/wp\/v2\/types\/post"}],"author":[{"embeddable":true,"href":"https:\/\/www.plaqueandgo.com\/blog\/wp-json\/wp\/v2\/users\/1"}],"replies":[{"embeddable":true,"href":"https:\/\/www.plaqueandgo.com\/blog\/wp-json\/wp\/v2\/comments?post=1610"}],"version-history":[{"count":74,"href":"https:\/\/www.plaqueandgo.com\/blog\/wp-json\/wp\/v2\/posts\/1610\/revisions"}],"predecessor-version":[{"id":6909,"href":"https:\/\/www.plaqueandgo.com\/blog\/wp-json\/wp\/v2\/posts\/1610\/revisions\/6909"}],"wp:featuredmedia":[{"embeddable":true,"href":"https:\/\/www.plaqueandgo.com\/blog\/wp-json\/wp\/v2\/media\/5941"}],"wp:attachment":[{"href":"https:\/\/www.plaqueandgo.com\/blog\/wp-json\/wp\/v2\/media?parent=1610"}],"wp:term":[{"taxonomy":"category","embeddable":true,"href":"https:\/\/www.plaqueandgo.com\/blog\/wp-json\/wp\/v2\/categories?post=1610"},{"taxonomy":"post_tag","embeddable":true,"href":"https:\/\/www.plaqueandgo.com\/blog\/wp-json\/wp\/v2\/tags?post=1610"}],"curies":[{"name":"wp","href":"https:\/\/api.w.org\/{rel}","templated":true}]}}